{"id":197847,"date":"2022-04-20T16:36:00","date_gmt":"2022-04-20T19:36:00","guid":{"rendered":"https:\/\/diarioregionaldigital.com.br\/?p=197847"},"modified":"2022-04-20T16:36:00","modified_gmt":"2022-04-20T19:36:00","slug":"governo-de-minas-e-fiemg-inauguram-novo-espaco-do-p7-criativo-em-belo-horizonte","status":"publish","type":"post","link":"https:\/\/diarioregionaldigital.com.br\/?p=197847","title":{"rendered":"Governo de Minas e Fiemg inauguram novo espa\u00e7o do P7 Criativo em Belo Horizonte"},"content":{"rendered":"<p>O governador Romeu Zema participou, nesta quarta-feira (20\/4), em Belo Horizonte, da inaugura\u00e7\u00e3o do P7 Criativo, o primeiro hub de inova\u00e7\u00e3o e economia criativa do Brasil. \u00a0O espa\u00e7o, que poder\u00e1 abrigar mais de 500 startups, vai funcionar no edif\u00edcio projetado por Oscar Niemeyer na Pra\u00e7a Sete (antigo pr\u00e9dio do Bemge), que foi reformado para receber empresas e atividades das \u00e1reas de Patrim\u00f4nio Cultural, Art\u00edstica, Arquitetura, Publicidades, Moda, Design, M\u00f3veis e \u00c1udio Visual, Software, dentre outras.<\/p>\n<p>Para a obra de revitaliza\u00e7\u00e3o do pr\u00e9dio foram investidos R$ 56,2 milh\u00f5es, sendo R$ 48 milh\u00f5es da\u00a0<a href=\"http:\/\/www.codemge.com.br\/\" target=\"_blank\" rel=\"noopener\">Codemge<\/a>, R$ 6 milh\u00f5es do BNDES, R$ 2,2 milh\u00f5es do Banco Ita\u00fa. Al\u00e9m do investimento na infraestrutura, R$ 8,2 milh\u00f5es foram investidos no projeto, sendo mais da metade da Codemge.<\/p>\n<p>Est\u00e3o previstos mais R$ 11 milh\u00f5es do BNDES para compra de m\u00f3veis e equipamentos para espa\u00e7os como museu e biblioteca. A governan\u00e7a do P7 ser\u00e1 da Federa\u00e7\u00e3o das Ind\u00fastria do Estado de Minas Gerais (Fiemg).<\/p>\n<p><strong>Desenvolvimento<\/strong><\/p>\n<p>Durante pronunciamento, Zema afirmou que a economia mineira est\u00e1 dando mais um passo importante para o desenvolvimento com a inaugura\u00e7\u00e3o de um espa\u00e7o para as startups.<\/p>\n<p>\u201cDesenvolvimento necessita de v\u00e1rios fatores, como seguran\u00e7a, infraestrutura, sa\u00fade, educa\u00e7\u00e3o e atra\u00e7\u00e3o de investimentos. As startups e as empresas de tecnologia t\u00eam um peso importante para tornar a economia mais eficiente, produtiva e geradora de empregos\u201d, disse.<\/p>\n<p><strong>Lideran\u00e7a<\/strong><\/p>\n<p>O presidente da Fiemg, Fl\u00e1vio Roscoe, agradeceu a lideran\u00e7a do governador para investir em um projeto que, segundo ele, vai mudar a cidade de Belo Horizonte.<\/p>\n<p>\u201cMais uma vez o governador mostra a percep\u00e7\u00e3o e sensibilidade de que a iniciativa privada \u00e9 o motor do desenvolvimento. Muitas pessoas falam que esse governo tem um vi\u00e9s econ\u00f4mico e n\u00e3o social, mas essas pessoas cometem equ\u00edvoco enorme. N\u00e3o existe social sem atividade econ\u00f4mica pujante. N\u00e3o existe a\u00e7\u00e3o social maior do que dar dignidade \u00e0s pessoas, do que fazer com que elas sejam motoras do seu pr\u00f3prio desenvolvimento\u201d, disse.<\/p>\n<p><main class=\"clear margin-md-bottom-3\"><\/p>\n<div class=\"clear \">\n<p><strong>Estrutura<\/strong><\/p>\n<p>A estrutura do P7 conta com 25 andares, divididos em 412 esta\u00e7\u00f5es de coworking, salas privativas, museu, biblioteca digital e laborat\u00f3rio aberto com o n\u00facleo do design, espa\u00e7o de conviv\u00eancia, audit\u00f3rio e restaurante, que estar\u00e3o dispon\u00edveis para a promo\u00e7\u00e3o de a\u00e7\u00f5es de integra\u00e7\u00e3o entre a criatividade e a inova\u00e7\u00e3o.<\/p>\n<p>Dez andares ser\u00e3o exclusivos para as chamadas empresas-\u00e2ncoras, que ficar\u00e3o sediadas ou ter\u00e3o seus departamentos de inova\u00e7\u00e3o instalados no pr\u00e9dio. A estimativa \u00e9 a de que mais de tr\u00eas mil pessoas passem pelo local diariamente.<\/p>\n<p><strong>Seed<\/strong><\/p>\n<p>Antes da inaugura\u00e7\u00e3o, o governador teve um encontro com empreendedores para anunciar a nova rodada do\u00a0<a href=\"http:\/\/www.seed.mg.gov.br\/\" target=\"_blank\" rel=\"noopener\">Seed<\/a>\u00a0\u2013 programa que apoia o desenvolvimento de startups no Estado.<\/p>\n<p>A nova edi\u00e7\u00e3o do Seed, que ser\u00e1 lan\u00e7ada pelo governo, vai apoiar 100 startups com foco na resolu\u00e7\u00e3o de desafios p\u00fablicos e tamb\u00e9m para o mercado privado. Ser\u00e1 chamada de Seed Gov.<\/p>\n<p>O objetivo \u00e9 manter o Estado investindo para que o empreendedorismo tecnol\u00f3gico mineiro cres\u00e7a, atendendo tamb\u00e9m \u00e0s demandas do setor p\u00fablico, tornando-o mais eficiente, desburocratizado e inovador.<\/p>\n<p>Os desafios p\u00fablicos ser\u00e3o elencados por \u00f3rg\u00e3os da administra\u00e7\u00e3o p\u00fablica estadual e dever\u00e3o ter como caracter\u00edstica comum a interface com o setor p\u00fablico municipal.<\/p>\n<p>Com isso, os munic\u00edpios onde haver\u00e1 os testes das tecnologias desenvolvidas ser\u00e3o selecionados por meio de chamamento p\u00fablico, que ter\u00e1 como crit\u00e9rio a participa\u00e7\u00e3o pr\u00e9via do munic\u00edpio em programas da\u00a0<a href=\"http:\/\/www.desenvolvimento.mg.gov.br\/\" target=\"_blank\" rel=\"noopener\">Secretaria de Desenvolvimento Econ\u00f4mico<\/a>, como o Minas Livre para Crescer.<\/p>\n<p>A acelera\u00e7\u00e3o das startups acontecer\u00e1 de maneira h\u00edbrida, on-line e com momentos presenciais em diversas regi\u00f5es do estado.<\/p>\n<p>O processo de acelera\u00e7\u00e3o ainda conta com a capacita\u00e7\u00e3o dos empreendedores, conex\u00e3o com potenciais clientes, conex\u00e3o com investidores, mentoria com empreendedores de grandes startups mineiras e o aporte de at\u00e9 R$ 80 mil para as startups que finalizarem o processo de seis meses de acelera\u00e7\u00e3o.<\/p>\n<p>Fonte: Ag\u00eancia Minas<\/p>\n<\/div>\n<p><\/main><\/p>\n","protected":false},"excerpt":{"rendered":"<p>O governador Romeu Zema participou, nesta quarta-feira (20\/4), em Belo Horizonte, da inaugura\u00e7\u00e3o do P7 Criativo, o primeiro hub de inova\u00e7\u00e3o e economia criativa do Brasil. \u00a0O espa\u00e7o, que poder\u00e1 abrigar mais de 500 startups, vai funcionar no edif\u00edcio projetado por Oscar Niemeyer na Pra\u00e7a Sete (antigo pr\u00e9dio do Bemge), que foi reformado para receber [&hellip;]<\/p>\n","protected":false},"author":246,"featured_media":197848,"comment_status":"closed","ping_status":"closed","sticky":false,"template":"","format":"standard","meta":{"footnotes":""},"categories":[436,440,254,439],"tags":[],"class_list":["post-197847","post","type-post","status-publish","format-standard","has-post-thumbnail","hentry","category-destaque-da-semana","category-destaques-do-dia","category-politica","category-ultima-hora"],"_links":{"self":[{"href":"https:\/\/diarioregionaldigital.com.br\/index.php?rest_route=\/wp\/v2\/posts\/197847","targetHints":{"allow":["GET"]}}],"collection":[{"href":"https:\/\/diarioregionaldigital.com.br\/index.php?rest_route=\/wp\/v2\/posts"}],"about":[{"href":"https:\/\/diarioregionaldigital.com.br\/index.php?rest_route=\/wp\/v2\/types\/post"}],"author":[{"embeddable":true,"href":"https:\/\/diarioregionaldigital.com.br\/index.php?rest_route=\/wp\/v2\/users\/246"}],"replies":[{"embeddable":true,"href":"https:\/\/diarioregionaldigital.com.br\/index.php?rest_route=%2Fwp%2Fv2%2Fcomments&post=197847"}],"version-history":[{"count":1,"href":"https:\/\/diarioregionaldigital.com.br\/index.php?rest_route=\/wp\/v2\/posts\/197847\/revisions"}],"predecessor-version":[{"id":197849,"href":"https:\/\/diarioregionaldigital.com.br\/index.php?rest_route=\/wp\/v2\/posts\/197847\/revisions\/197849"}],"wp:featuredmedia":[{"embeddable":true,"href":"https:\/\/diarioregionaldigital.com.br\/index.php?rest_route=\/wp\/v2\/media\/197848"}],"wp:attachment":[{"href":"https:\/\/diarioregionaldigital.com.br\/index.php?rest_route=%2Fwp%2Fv2%2Fmedia&parent=197847"}],"wp:term":[{"taxonomy":"category","embeddable":true,"href":"https:\/\/diarioregionaldigital.com.br\/index.php?rest_route=%2Fwp%2Fv2%2Fcategories&post=197847"},{"taxonomy":"post_tag","embeddable":true,"href":"https:\/\/diarioregionaldigital.com.br\/index.php?rest_route=%2Fwp%2Fv2%2Ftags&post=197847"}],"curies":[{"name":"wp","href":"https:\/\/api.w.org\/{rel}","templated":true}]}}