{"id":197837,"date":"2022-04-20T16:29:58","date_gmt":"2022-04-20T19:29:58","guid":{"rendered":"https:\/\/diarioregionaldigital.com.br\/?p=197837"},"modified":"2022-04-20T16:29:58","modified_gmt":"2022-04-20T19:29:58","slug":"serasa-158-dos-produtores-rurais-estavam-inadimplentes-em-marco","status":"publish","type":"post","link":"https:\/\/diarioregionaldigital.com.br\/?p=197837","title":{"rendered":"Serasa: 15,8% dos produtores rurais estavam inadimplentes em mar\u00e7o"},"content":{"rendered":"<p>Um estudo feito pela Serasa Experian apontou que 15,8% dos produtores rurais em estados brasileiros voltados ao agroneg\u00f3cio estavam inadimplentes no m\u00eas de mar\u00e7o. O estudo foi realizado nos estados de Goi\u00e1s, Mato Grosso, Mato Grosso do Sul, Paran\u00e1, Rio Grande do Sul, Santa Catarina e Tocantins.<img decoding=\"async\" src=\"https:\/\/agenciabrasil.ebc.com.br\/ebc.png?id=1455189&amp;o=node\" \/><img decoding=\"async\" src=\"https:\/\/agenciabrasil.ebc.com.br\/ebc.gif?id=1455189&amp;o=node\" \/><\/p>\n<p>O Estudo de Inadimpl\u00eancia do Produtor Rural da Serasa Experian revelou que, em compara\u00e7\u00e3o ao estudo anterior, feito em junho de 2021, esse n\u00famero apresentou queda de 0,1 ponto percentual, o que pode ser considerado estabilidade. O n\u00famero de inadimplentes entre os produtores rurais \u00e9 bem inferior ao que \u00e9 registrado na popula\u00e7\u00e3o adulta em geral, que fica em torno de 40%.<\/p>\n<p>\u201cO agroneg\u00f3cio, um dos principais motores da economia no pa\u00eds, continuou gerando empregos e renda neste per\u00edodo, contando tamb\u00e9m com pre\u00e7os favor\u00e1veis \u00e0 comercializa\u00e7\u00e3o de seus produtos. Os ganhos dos produtores se mantiveram ou at\u00e9 cresceram em alguns casos, fazendo que muitos conseguissem pagar as contas, mitigassem riscos e evitassem a inadimpl\u00eancia\u201d, disse Marcelo Pimenta, Head de Agroneg\u00f3cio da Serasa Experian.<\/p>\n<p>De acordo com o levantamento, a inadimpl\u00eancia foi maior entre os produtores de menor renda. Os produtores rurais que ganham acima de R$ 10 mil mensalmente possuem o menor percentual de negativa\u00e7\u00e3o (12,2%). J\u00e1 os que tinham renda entre R$ 2 mil e R$ 4 mil apresentaram a maior taxa de inadimpl\u00eancia: 19,3%.<\/p>\n<p>Fonte: Ag\u00eancia Brasil<\/p>\n","protected":false},"excerpt":{"rendered":"<p>Um estudo feito pela Serasa Experian apontou que 15,8% dos produtores rurais em estados brasileiros voltados ao agroneg\u00f3cio estavam inadimplentes no m\u00eas de mar\u00e7o. O estudo foi realizado nos estados de Goi\u00e1s, Mato Grosso, Mato Grosso do Sul, Paran\u00e1, Rio Grande do Sul, Santa Catarina e Tocantins. O Estudo de Inadimpl\u00eancia do Produtor Rural da [&hellip;]<\/p>\n","protected":false},"author":246,"featured_media":197838,"comment_status":"closed","ping_status":"closed","sticky":false,"template":"","format":"standard","meta":{"footnotes":""},"categories":[436,261,439],"tags":[],"class_list":["post-197837","post","type-post","status-publish","format-standard","has-post-thumbnail","hentry","category-destaque-da-semana","category-economia","category-ultima-hora"],"_links":{"self":[{"href":"https:\/\/diarioregionaldigital.com.br\/index.php?rest_route=\/wp\/v2\/posts\/197837","targetHints":{"allow":["GET"]}}],"collection":[{"href":"https:\/\/diarioregionaldigital.com.br\/index.php?rest_route=\/wp\/v2\/posts"}],"about":[{"href":"https:\/\/diarioregionaldigital.com.br\/index.php?rest_route=\/wp\/v2\/types\/post"}],"author":[{"embeddable":true,"href":"https:\/\/diarioregionaldigital.com.br\/index.php?rest_route=\/wp\/v2\/users\/246"}],"replies":[{"embeddable":true,"href":"https:\/\/diarioregionaldigital.com.br\/index.php?rest_route=%2Fwp%2Fv2%2Fcomments&post=197837"}],"version-history":[{"count":1,"href":"https:\/\/diarioregionaldigital.com.br\/index.php?rest_route=\/wp\/v2\/posts\/197837\/revisions"}],"predecessor-version":[{"id":197839,"href":"https:\/\/diarioregionaldigital.com.br\/index.php?rest_route=\/wp\/v2\/posts\/197837\/revisions\/197839"}],"wp:featuredmedia":[{"embeddable":true,"href":"https:\/\/diarioregionaldigital.com.br\/index.php?rest_route=\/wp\/v2\/media\/197838"}],"wp:attachment":[{"href":"https:\/\/diarioregionaldigital.com.br\/index.php?rest_route=%2Fwp%2Fv2%2Fmedia&parent=197837"}],"wp:term":[{"taxonomy":"category","embeddable":true,"href":"https:\/\/diarioregionaldigital.com.br\/index.php?rest_route=%2Fwp%2Fv2%2Fcategories&post=197837"},{"taxonomy":"post_tag","embeddable":true,"href":"https:\/\/diarioregionaldigital.com.br\/index.php?rest_route=%2Fwp%2Fv2%2Ftags&post=197837"}],"curies":[{"name":"wp","href":"https:\/\/api.w.org\/{rel}","templated":true}]}}