{"id":197834,"date":"2022-04-20T16:28:16","date_gmt":"2022-04-20T19:28:16","guid":{"rendered":"https:\/\/diarioregionaldigital.com.br\/?p=197834"},"modified":"2022-04-20T16:28:16","modified_gmt":"2022-04-20T19:28:16","slug":"economia-cresceu-06-em-fevereiro-aponta-monitor-do-pib","status":"publish","type":"post","link":"https:\/\/diarioregionaldigital.com.br\/?p=197834","title":{"rendered":"Economia cresceu 0,6% em fevereiro, aponta Monitor do PIB"},"content":{"rendered":"<p>A atividade econ\u00f4mica em fevereiro cresceu 0,6% em rela\u00e7\u00e3o ao m\u00eas anterior. J\u00e1 no trimestre m\u00f3vel encerrado em fevereiro, comparado ao finalizado em novembro, a alta ficou em 1,1%. Na compara\u00e7\u00e3o interanual, a economia cresceu 1,2% em fevereiro. Em termos monet\u00e1rios, estima-se que o acumulado do PIB no primeiro bimestre de 2022, em valores correntes, foi de R$ 1,3 trilh\u00e3o. As informa\u00e7\u00f5es s\u00e3o do Monitor do PIB-FGV divulgado\u00a0hoje\u00a0(20) pelo Instituto Brasileiro de Economia da Funda\u00e7\u00e3o Getulio Vargas (IBRE\/FGV).<img decoding=\"async\" src=\"https:\/\/agenciabrasil.ebc.com.br\/ebc.png?id=1455157&amp;o=node\" \/><img decoding=\"async\" src=\"https:\/\/agenciabrasil.ebc.com.br\/ebc.gif?id=1455157&amp;o=node\" \/><\/p>\n<p>A coordenadora da pesquisa, Juliana Trece, informou que o\u00a0crescimento da economia brasileira em fevereiro ainda pode ser explicado, principalmente, pelo desempenho do setor de servi\u00e7os, que se mant\u00e9m, em praticamente todos os meses, desde meados do ano passado, com varia\u00e7\u00e3o interanual acima da verificada na agropecu\u00e1ria e na ind\u00fastria.<\/p>\n<p>\u201cMesmo considerando a varia\u00e7\u00e3o em fevereiro, frente a janeiro, o desempenho do setor tamb\u00e9m foi de crescimento. Por\u00a0ter\u00a0sido o mais impactado pela pandemia, a fraca base de compara\u00e7\u00e3o apresentada no setor de servi\u00e7os favorece o seu bom desempenho atual\u201d, disse.<\/p>\n<p>Juliana Trece destacou, no entanto, que apesar dos resultados mostrarem o setor de servi\u00e7os como fundamental para o desempenho da economia no in\u00edcio deste ano, outros fatores podem interferir nos resultados.<\/p>\n<p>\u201cO combo infla\u00e7\u00e3o, juros e desemprego elevados podem prejudicar a sustenta\u00e7\u00e3o do crescimento da atividade de servi\u00e7os no decorrer do ano e, consequentemente, do pr\u00f3prio PIB\u201d, acrescentou.<\/p>\n<h2>Consumo das fam\u00edlias<\/h2>\n<p>Tamb\u00e9m no trimestre m\u00f3vel encerrado em fevereiro, o consumo das fam\u00edlias registrou alta de 2,1%, em rela\u00e7\u00e3o ao mesmo per\u00edodo do ano passado. De acordo com a FGV, pelo quinto m\u00eas consecutivo o componente de servi\u00e7os foi o \u00fanico a apresentar taxas positivas que foram influenciadas, principalmente, pelo desempenho dos segmentos de transporte e de outros servi\u00e7os (servi\u00e7os de alojamento, alimenta\u00e7\u00e3o e\u00a0dom\u00e9sticos). J\u00e1 no consumo de bens dur\u00e1veis, houve recuo de 8,6%.<\/p>\n<p>A Forma\u00e7\u00e3o Bruta de Capital Fixo (FBCF) subiu 0,4% no trimestre entre dezembro e fevereiro, se comparado ao mesmo trimestre de 2021. Entre os componentes somente o de m\u00e1quinas e equipamentos teve recuo, nesta compara\u00e7\u00e3o. Segundo o Monitor, as quedas disseminadas entre diversos segmentos deste componente explicam o desempenho, com destaque para os caminh\u00f5es, outros ve\u00edculos e outras m\u00e1quinas e equipamentos.<\/p>\n<h2>Exporta\u00e7\u00e3o<\/h2>\n<p>A exporta\u00e7\u00e3o avan\u00e7ou 12,5% no trimestre m\u00f3vel conclu\u00eddo em fevereiro na compara\u00e7\u00e3o com o mesmo per\u00edodo do ano passado. As exporta\u00e7\u00f5es de produtos agropecu\u00e1rios foram as principais influ\u00eancias para o crescimento. Em movimento contr\u00e1rio, as exporta\u00e7\u00f5es de produtos da extrativa mineral apresentaram retra\u00e7\u00e3o, na mesma compara\u00e7\u00e3o.<\/p>\n<h2>Importa\u00e7\u00e3o<\/h2>\n<p>A importa\u00e7\u00e3o recuou 2,1% no trimestre m\u00f3vel e encerrado em fevereiro em compara\u00e7\u00e3o semelhante. O desempenho de bens de capital e de bens intermedi\u00e1rios, que ca\u00edram 20,1% e 5,7%, impactaram as importa\u00e7\u00f5es. A importa\u00e7\u00e3o de produtos agropecu\u00e1rios teve retra\u00e7\u00e3o de 17,8%.<\/p>\n<p>Fonte: Ag\u00eancia Brasil<\/p>\n","protected":false},"excerpt":{"rendered":"<p>A atividade econ\u00f4mica em fevereiro cresceu 0,6% em rela\u00e7\u00e3o ao m\u00eas anterior. J\u00e1 no trimestre m\u00f3vel encerrado em fevereiro, comparado ao finalizado em novembro, a alta ficou em 1,1%. Na compara\u00e7\u00e3o interanual, a economia cresceu 1,2% em fevereiro. Em termos monet\u00e1rios, estima-se que o acumulado do PIB no primeiro bimestre de 2022, em valores correntes, [&hellip;]<\/p>\n","protected":false},"author":246,"featured_media":197835,"comment_status":"closed","ping_status":"closed","sticky":false,"template":"","format":"standard","meta":{"footnotes":""},"categories":[436,440,261,439],"tags":[],"class_list":["post-197834","post","type-post","status-publish","format-standard","has-post-thumbnail","hentry","category-destaque-da-semana","category-destaques-do-dia","category-economia","category-ultima-hora"],"_links":{"self":[{"href":"https:\/\/diarioregionaldigital.com.br\/index.php?rest_route=\/wp\/v2\/posts\/197834","targetHints":{"allow":["GET"]}}],"collection":[{"href":"https:\/\/diarioregionaldigital.com.br\/index.php?rest_route=\/wp\/v2\/posts"}],"about":[{"href":"https:\/\/diarioregionaldigital.com.br\/index.php?rest_route=\/wp\/v2\/types\/post"}],"author":[{"embeddable":true,"href":"https:\/\/diarioregionaldigital.com.br\/index.php?rest_route=\/wp\/v2\/users\/246"}],"replies":[{"embeddable":true,"href":"https:\/\/diarioregionaldigital.com.br\/index.php?rest_route=%2Fwp%2Fv2%2Fcomments&post=197834"}],"version-history":[{"count":1,"href":"https:\/\/diarioregionaldigital.com.br\/index.php?rest_route=\/wp\/v2\/posts\/197834\/revisions"}],"predecessor-version":[{"id":197836,"href":"https:\/\/diarioregionaldigital.com.br\/index.php?rest_route=\/wp\/v2\/posts\/197834\/revisions\/197836"}],"wp:featuredmedia":[{"embeddable":true,"href":"https:\/\/diarioregionaldigital.com.br\/index.php?rest_route=\/wp\/v2\/media\/197835"}],"wp:attachment":[{"href":"https:\/\/diarioregionaldigital.com.br\/index.php?rest_route=%2Fwp%2Fv2%2Fmedia&parent=197834"}],"wp:term":[{"taxonomy":"category","embeddable":true,"href":"https:\/\/diarioregionaldigital.com.br\/index.php?rest_route=%2Fwp%2Fv2%2Fcategories&post=197834"},{"taxonomy":"post_tag","embeddable":true,"href":"https:\/\/diarioregionaldigital.com.br\/index.php?rest_route=%2Fwp%2Fv2%2Ftags&post=197834"}],"curies":[{"name":"wp","href":"https:\/\/api.w.org\/{rel}","templated":true}]}}