{"id":197818,"date":"2022-04-19T19:31:38","date_gmt":"2022-04-19T22:31:38","guid":{"rendered":"https:\/\/diarioregionaldigital.com.br\/?p=197818"},"modified":"2022-04-19T19:31:38","modified_gmt":"2022-04-19T22:31:38","slug":"policia-militar-prende-autor-de-tentativa-de-roubo-no-bairro-ladeira","status":"publish","type":"post","link":"https:\/\/diarioregionaldigital.com.br\/?p=197818","title":{"rendered":"Pol\u00edcia Militar prende autor de tentativa de roubo no bairro Ladeira"},"content":{"rendered":"<p>No dia 18abr22 por volta das 14h12min a Pol\u00edcia Militar compareceu na Av Brasil Margem Direita no bairro Ladeira para atendimento a uma mulher de 38 anos e uma menina de 11 anos, v\u00edtimas de roubo. Segundo relato, foram surpreendidas por dois suspeitos que estavam numa motocicleta, um deles armado com arma de fogo anunciou o roubo, tendo sido percebida a a\u00e7\u00e3o criminosa, um policial civil que passava pelo local interveio evitando a consuma\u00e7\u00e3o. Os autores empreenderam fuga e a Pol\u00edcia Militar prendeu um dos envolvidos na margem oposta, local onde foi abordado. O autor de 28 anos foi preso e conduzido \u00e0 Delegacia.<\/p>\n","protected":false},"excerpt":{"rendered":"<p>No dia 18abr22 por volta das 14h12min a Pol\u00edcia Militar compareceu na Av Brasil Margem Direita no bairro Ladeira para atendimento a uma mulher de 38 anos e uma menina de 11 anos, v\u00edtimas de roubo. Segundo relato, foram surpreendidas por dois suspeitos que estavam numa motocicleta, um deles armado com arma de fogo anunciou [&hellip;]<\/p>\n","protected":false},"author":246,"featured_media":197819,"comment_status":"closed","ping_status":"closed","sticky":false,"template":"","format":"standard","meta":{"footnotes":""},"categories":[301,436,439],"tags":[],"class_list":["post-197818","post","type-post","status-publish","format-standard","has-post-thumbnail","hentry","category-artigos-policiais","category-destaque-da-semana","category-ultima-hora"],"_links":{"self":[{"href":"https:\/\/diarioregionaldigital.com.br\/index.php?rest_route=\/wp\/v2\/posts\/197818","targetHints":{"allow":["GET"]}}],"collection":[{"href":"https:\/\/diarioregionaldigital.com.br\/index.php?rest_route=\/wp\/v2\/posts"}],"about":[{"href":"https:\/\/diarioregionaldigital.com.br\/index.php?rest_route=\/wp\/v2\/types\/post"}],"author":[{"embeddable":true,"href":"https:\/\/diarioregionaldigital.com.br\/index.php?rest_route=\/wp\/v2\/users\/246"}],"replies":[{"embeddable":true,"href":"https:\/\/diarioregionaldigital.com.br\/index.php?rest_route=%2Fwp%2Fv2%2Fcomments&post=197818"}],"version-history":[{"count":1,"href":"https:\/\/diarioregionaldigital.com.br\/index.php?rest_route=\/wp\/v2\/posts\/197818\/revisions"}],"predecessor-version":[{"id":197820,"href":"https:\/\/diarioregionaldigital.com.br\/index.php?rest_route=\/wp\/v2\/posts\/197818\/revisions\/197820"}],"wp:featuredmedia":[{"embeddable":true,"href":"https:\/\/diarioregionaldigital.com.br\/index.php?rest_route=\/wp\/v2\/media\/197819"}],"wp:attachment":[{"href":"https:\/\/diarioregionaldigital.com.br\/index.php?rest_route=%2Fwp%2Fv2%2Fmedia&parent=197818"}],"wp:term":[{"taxonomy":"category","embeddable":true,"href":"https:\/\/diarioregionaldigital.com.br\/index.php?rest_route=%2Fwp%2Fv2%2Fcategories&post=197818"},{"taxonomy":"post_tag","embeddable":true,"href":"https:\/\/diarioregionaldigital.com.br\/index.php?rest_route=%2Fwp%2Fv2%2Ftags&post=197818"}],"curies":[{"name":"wp","href":"https:\/\/api.w.org\/{rel}","templated":true}]}}