{"id":197815,"date":"2022-04-19T19:20:33","date_gmt":"2022-04-19T22:20:33","guid":{"rendered":"https:\/\/diarioregionaldigital.com.br\/?p=197815"},"modified":"2022-04-19T19:20:33","modified_gmt":"2022-04-19T22:20:33","slug":"residuos-de-capina-do-parque-municipal-servem-como-fonte-para-compostagem","status":"publish","type":"post","link":"https:\/\/diarioregionaldigital.com.br\/?p=197815","title":{"rendered":"Res\u00edduos de capina do Parque Municipal servem como fonte para compostagem"},"content":{"rendered":"<p>Segundo informa\u00e7\u00f5es do site da Prefeitura de Juiz de Fora, inaugurado h\u00e1 seis meses, o Parque Municipal, localizado na Avenida do Contorno, s\/n, no bairro Nova Calif\u00f3rnia, al\u00e9m de ser um dos principais pontos tur\u00edsticos de Juiz de Fora, vem contribuindo para a realiza\u00e7\u00e3o de compostagem, por meio do reaproveitamento dos res\u00edduos verdes provenientes da zeladoria do local, realizada pelo Departamento Municipal de Limpeza Urbana (Demlurb) da Prefeitura de Juiz de Fora (PJF).<\/p>\n<p>Os res\u00edduos verdes como poda de grama e \u00e1rvores, folhas e galhos, que anteriormente eram descartados junto com o lixo no Centro de Tratamento de Res\u00edduos de Juiz de Fora (CTR) \u2013 Aterro Sanit\u00e1rio \u2013 agora est\u00e3o sendo tratados para a gera\u00e7\u00e3o de composto org\u00e2nico. Inicialmente, o material est\u00e1 sendo usado para adubar mudas de reflorestamento no pr\u00f3prio local e em uma horta do CTR, que \u00e9 de uso pr\u00f3prio dos funcion\u00e1rios.<\/p>\n<p>De acordo com a engenheira ambiental e assessora do Demlurb, Vict\u00f3ria Abrah\u00e3o, \u201ca inten\u00e7\u00e3o da PJF \u00e9 incentivar o descarte correto de res\u00edduos org\u00e2nicos no munic\u00edpio, com o objetivo de tornar o meio urbano mais sustent\u00e1vel. Inclusive, essa \u00e9 uma a\u00e7\u00e3o prevista no Plano Municipal de Gest\u00e3o Integrada de Res\u00edduos S\u00f3lidos (PMGIRS), aprovado pelo\u00a0<a href=\"https:\/\/www.pjf.mg.gov.br\/e_atos\/e_atos_vis.php?id=84656\"><strong>Decreto 14.568<\/strong><\/a>, de 31 de maio de 2021\u201d. Vict\u00f3ria explica que \u201co produto da compostagem \u00e9 o composto org\u00e2nico, rico em nutrientes e utilizado para fertiliza\u00e7\u00e3o do solo, al\u00e9m de facilitar que o mesmo retenha mais \u00e1gua e evite eros\u00e3o provocada por chuva\u201d.<\/p>\n<p>Ao serem descartados no aterro sanit\u00e1rio, juntamente com outros res\u00edduos, os materiais org\u00e2nicos podem causar diversos problemas como atrair animais vetores de doen\u00e7as que amea\u00e7am \u00e0 sa\u00fade p\u00fablica, desestabilizar os taludes aumentando risco de acidentes e gera\u00e7\u00e3o de gases de efeito estufa (g\u00e1s metano e g\u00e1s carbono). Al\u00e9m disso, ao se degradarem com outros tipos de materiais como lixo eletr\u00f4nico, por exemplo, h\u00e1 a produ\u00e7\u00e3o de chorume que provoca a contamina\u00e7\u00e3o dos solos e corpos d&#8217;\u00e1gua.<\/p>\n","protected":false},"excerpt":{"rendered":"<p>Segundo informa\u00e7\u00f5es do site da Prefeitura de Juiz de Fora, inaugurado h\u00e1 seis meses, o Parque Municipal, localizado na Avenida do Contorno, s\/n, no bairro Nova Calif\u00f3rnia, al\u00e9m de ser um dos principais pontos tur\u00edsticos de Juiz de Fora, vem contribuindo para a realiza\u00e7\u00e3o de compostagem, por meio do reaproveitamento dos res\u00edduos verdes provenientes da [&hellip;]<\/p>\n","protected":false},"author":246,"featured_media":197816,"comment_status":"closed","ping_status":"closed","sticky":false,"template":"","format":"standard","meta":{"footnotes":""},"categories":[253,436,439],"tags":[],"class_list":["post-197815","post","type-post","status-publish","format-standard","has-post-thumbnail","hentry","category-cidade","category-destaque-da-semana","category-ultima-hora"],"_links":{"self":[{"href":"https:\/\/diarioregionaldigital.com.br\/index.php?rest_route=\/wp\/v2\/posts\/197815","targetHints":{"allow":["GET"]}}],"collection":[{"href":"https:\/\/diarioregionaldigital.com.br\/index.php?rest_route=\/wp\/v2\/posts"}],"about":[{"href":"https:\/\/diarioregionaldigital.com.br\/index.php?rest_route=\/wp\/v2\/types\/post"}],"author":[{"embeddable":true,"href":"https:\/\/diarioregionaldigital.com.br\/index.php?rest_route=\/wp\/v2\/users\/246"}],"replies":[{"embeddable":true,"href":"https:\/\/diarioregionaldigital.com.br\/index.php?rest_route=%2Fwp%2Fv2%2Fcomments&post=197815"}],"version-history":[{"count":1,"href":"https:\/\/diarioregionaldigital.com.br\/index.php?rest_route=\/wp\/v2\/posts\/197815\/revisions"}],"predecessor-version":[{"id":197817,"href":"https:\/\/diarioregionaldigital.com.br\/index.php?rest_route=\/wp\/v2\/posts\/197815\/revisions\/197817"}],"wp:featuredmedia":[{"embeddable":true,"href":"https:\/\/diarioregionaldigital.com.br\/index.php?rest_route=\/wp\/v2\/media\/197816"}],"wp:attachment":[{"href":"https:\/\/diarioregionaldigital.com.br\/index.php?rest_route=%2Fwp%2Fv2%2Fmedia&parent=197815"}],"wp:term":[{"taxonomy":"category","embeddable":true,"href":"https:\/\/diarioregionaldigital.com.br\/index.php?rest_route=%2Fwp%2Fv2%2Fcategories&post=197815"},{"taxonomy":"post_tag","embeddable":true,"href":"https:\/\/diarioregionaldigital.com.br\/index.php?rest_route=%2Fwp%2Fv2%2Ftags&post=197815"}],"curies":[{"name":"wp","href":"https:\/\/api.w.org\/{rel}","templated":true}]}}