{"id":197812,"date":"2022-04-19T19:15:34","date_gmt":"2022-04-19T22:15:34","guid":{"rendered":"https:\/\/diarioregionaldigital.com.br\/?p=197812"},"modified":"2022-04-19T19:15:34","modified_gmt":"2022-04-19T22:15:34","slug":"centro-de-vigilancia-em-saude-vacina-contra-a-covid-19-influenza-e-sarampo-nesta-quinta-feira-21","status":"publish","type":"post","link":"https:\/\/diarioregionaldigital.com.br\/?p=197812","title":{"rendered":"Centro de Vigil\u00e2ncia em Sa\u00fade vacina contra a Covid-19, Influenza e Sarampo nesta quinta-feira, 21"},"content":{"rendered":"<p>Segundo informa\u00e7\u00f5es do site da Prefeitura de Juiz de Fora, na pr\u00f3xima quinta-feira, 21, a Prefeitura de Juiz de Fora (PJF), por meio da Secretaria de Sa\u00fade (SS), realiza vacina\u00e7\u00e3o no Centro de Vigil\u00e2ncia em Sa\u00fade, localizado na Av. Dos Andradas, 523, no Centro, de 8h \u00e0s 13h. Neste dia, ser\u00e3o aplicados os imunizantes contra a Covid-19, Influenza e Sarampo para os p\u00fablicos alvos j\u00e1 definidos.<\/p>\n<p>Recebem a vacina contra a Influenza os idosos com 70 anos ou mais e os Trabalhadores da Sa\u00fade com 30 anos ou mais. O imunizante contra o Sarampo \u00e9 voltado para os Trabalhadores da Sa\u00fade com 30 anos ou mais. As doses para estes p\u00fablicos podem ser tomadas simultaneamente com a vacina contra a Covid.<\/p>\n<p>A SS destaca a import\u00e2ncia do recebimento da vacina de refor\u00e7o e pede para que todos aqueles que receberam a 2\u00aa dose h\u00e1 pelo menos quatro meses procurem um posto de vacina\u00e7\u00e3o para aumentar sua prote\u00e7\u00e3o contra o v\u00edrus.<\/p>\n<p>As segundas doses dos imunizantes AstraZeneca, Coronavac, Janssen e Pfizer, al\u00e9m das vacinas de refor\u00e7o, s\u00e3o disponibilizadas de forma cont\u00ednua. A 2\u00aa dose da Janssen \u00e9 destinada a todas as pessoas que receberam a primeira dose desse imunizante h\u00e1 dois meses ou data anterior. J\u00e1 o intervalo entre 1\u00aa e 2\u00aa aplica\u00e7\u00e3o da AstraZeneca \u00e9 de oito semanas; da Coronavac \u00e9 de 28 dias; e da Pfizer, de 21 dias. O intervalo da 2\u00aa dose para a aplica\u00e7\u00e3o da vacina de refor\u00e7o \u00e9 de quatro meses.<\/p>\n<p>A pasta explica que as doses de refor\u00e7o, ou terceiras doses, para o p\u00fablico geral s\u00e3o apenas para os adultos, p\u00fablico com 18 anos ou mais. Para os adolescentes, pessoas entre 12 e 17 anos, est\u00e1 liberado apenas para aqueles que possuem algum grau de imunossupress\u00e3o e\/ou gestantes.<\/p>\n<p>No caso das crian\u00e7as, n\u00e3o h\u00e1 recomenda\u00e7\u00e3o de refor\u00e7o. Os adolescentes, pessoas entre 12 e 17 anos, e as crian\u00e7as, com idades entre 5 e 11 anos, recebem apenas as duas doses contra o coronav\u00edrus. A dose de refor\u00e7o s\u00f3 \u00e9 aplicada para estas pessoas caso elas sejam imunossuprimidas.<\/p>\n<p>At\u00e9 o momento, a quarta dose n\u00e3o est\u00e1 liberada para a popula\u00e7\u00e3o geral, sendo recomendada apenas para pessoas com imunossupress\u00e3o e idosos com 70 anos ou mais de idade.<\/p>\n<p>Segundas doses (adultos)<\/p>\n<p>AstraZeneca &#8211; A aplica\u00e7\u00e3o da segunda dose de AstraZeneca segue a data descrita no cart\u00e3o de vacina. Portanto, recebem a D2 todos aqueles com retorno agendado para o dia 21 de abril ou data anterior.<\/p>\n<p>Coronavac &#8211; A aplica\u00e7\u00e3o da segunda dose do imunizante Coronavac segue a data descrita no cart\u00e3o de vacina. Nesta quinta, recebem a D2 todos aqueles com retorno agendado para o dia 21 de abril ou data anterior.<\/p>\n<p>Janssen &#8211; As segundas doses do imunizante Janssen s\u00e3o destinadas \u00e0s pessoas que receberam a primeira dose desta vacina no dia 21 de fevereiro, ou seja, dois meses ap\u00f3s a vacina de dose \u00fanica.<\/p>\n<p>Pfizer &#8211; Quem recebeu a primeira dose da Pfizer no dia 30 de Mar\u00e7o ou antes pode procurar um dos postos de imuniza\u00e7\u00e3o para receber a segunda.<\/p>\n<p>Doses de refor\u00e7o (adultos)<\/p>\n<p>As doses de refor\u00e7o s\u00e3o destinadas \u00e0s pessoas a partir de 18 anos que receberam a segunda dose h\u00e1 quatro meses ou mais, e s\u00e3o aplicadas nas UBSs. Os imunossuprimidos, que receberam a D2 h\u00e1 pelo menos 28 dias, tamb\u00e9m devem receber a dose de refor\u00e7o, e a quarta dose deve ser aplicada quatro meses ap\u00f3s a D3. Recebem tamb\u00e9m o segundo refor\u00e7o, os idosos de 70 anos ou mais.<\/p>\n<p>Aqueles que forem receber a primeira dose da vacina devem apresentar originais e c\u00f3pias de documento de identifica\u00e7\u00e3o com foto (como documento de identidade (RG) ou carteira de motorista) e o CPF, caso o n\u00famero do mesmo n\u00e3o conste na identidade, al\u00e9m da ficha de vacina\u00e7\u00e3o impressa e preenchida. Os pr\u00e9-adolescentes e adolescentes que n\u00e3o tiverem o documento de identidade, podem apresentar a certid\u00e3o de nascimento.<\/p>\n<p>As pessoas que v\u00e3o receber a D2 ou a dose de refor\u00e7o precisam apresentar apenas a ficha de vacina\u00e7\u00e3o, o cart\u00e3o de vacina e um documento de identifica\u00e7\u00e3o com foto, enquanto os imunossuprimidos, al\u00e9m destes documentos, devem apresentar um laudo ou atestado m\u00e9dico datado de, no m\u00e1ximo, 12 meses, comprovando a condi\u00e7\u00e3o. Este p\u00fablico pode buscar pela dose de refor\u00e7o a partir de 28 dias do recebimento da 2\u00aa dose. N\u00e3o \u00e9 necess\u00e1ria a apresenta\u00e7\u00e3o de comprovante de resid\u00eancia.<\/p>\n<p>Refor\u00e7amos o pedido para todos que v\u00e3o ser vacinados levarem, impressa e preenchida, a Ficha de Vacina\u00e7\u00e3o, cujo modelo est\u00e1 dispon\u00edvel no site da PJF, isso facilita no momento da triagem e agiliza o processo de vacina\u00e7\u00e3o.<\/p>\n<p>Para as crian\u00e7as<\/p>\n<p>O intervalo entre a primeira e segunda aplica\u00e7\u00e3o da Covid-19, inicialmente, ser\u00e1 de oito semanas, com a Pfizer, e de 28 dias com a Coronovac. A SS refor\u00e7a o pedido para os pais\/respons\u00e1veis levarem impresso a ficha de vacina\u00e7\u00e3o, que est\u00e1 dispon\u00edvel no site da PJF.<\/p>\n<p>Seguindo recomenda\u00e7\u00f5es dos \u00f3rg\u00e3os competentes, as crian\u00e7as que forem se vacinar contra a Covid-19 n\u00e3o podem ter recebido outra vacina nos \u00faltimos 15 dias e n\u00e3o dever\u00e3o receber outro imunizante nos 15 dias posteriores ao recebimento da primeira dose da vacina Pfizer infantil contra o coronav\u00edrus. Al\u00e9m disso, \u00e9 necess\u00e1rio que a crian\u00e7a fique de 5 a 20 minutos no local ap\u00f3s a vacina\u00e7\u00e3o, para ser observado casos de poss\u00edveis rea\u00e7\u00f5es.<\/p>\n<p>Pedimos aos pais e respons\u00e1veis que levem, impressa e preenchida, a Ficha de Vacina\u00e7\u00e3o das crian\u00e7as, cujo modelo est\u00e1 dispon\u00edvel no site da PJF, isso facilita no momento da triagem e agiliza o processo de vacina\u00e7\u00e3o.<\/p>\n<p>Vacinas contra a Influenza<\/p>\n<p>As vacinas contra a Influenza s\u00e3o voltadas para os idosos de 70 anos ou mais e os Trabalhadores de Sa\u00fade, com 30 anos ou mais. A vacina contra a Influenza pode ser recebida conjuntamente com os imunizantes contra a Covid-19 e outras vacinas sem qualquer tipo de problema. Para receber a vacina contra a Influenza, as pessoas devem ir at\u00e9 um dos pontos de vacina\u00e7\u00e3o e apresentar um documento original com foto, como carteira de motorista ou documento de identidade (RG).<\/p>\n<p>Para se imunizar, o trabalhador da Sa\u00fade deve levar declara\u00e7\u00e3o de v\u00ednculo ou contracheque, carteira de trabalho que comprove o v\u00ednculo com institui\u00e7\u00e3o de sa\u00fade; se aut\u00f4nomo, declara\u00e7\u00e3o de pr\u00f3prio punho (mesma Covid) e registro no Conselho de classe; se cuidador, declara\u00e7\u00e3o de pr\u00f3prio punho e declara\u00e7\u00e3o do empregador (mesma Covid).<\/p>\n<p>Vacinas contra o Sarampo<\/p>\n<p>As vacinas contra o Sarampo s\u00e3o voltadas para os Trabalhadores de Sa\u00fade, com 30 anos ou mais. A vacina pode ser recebida conjuntamente com os imunizantes contra a Covid-19 e outras vacinas sem qualquer tipo de problema para este p\u00fablico alvo.<\/p>\n<p>Para se imunizar, o trabalhador da Sa\u00fade deve levar um documento original com foto, declara\u00e7\u00e3o de v\u00ednculo ou contracheque, carteira de trabalho que comprove o v\u00ednculo com institui\u00e7\u00e3o de sa\u00fade; se aut\u00f4nomo, declara\u00e7\u00e3o de pr\u00f3prio punho (mesma Covid) e registro no Conselho de classe; se cuidador, declara\u00e7\u00e3o de pr\u00f3prio punho e declara\u00e7\u00e3o do empregador (mesma Covid).<\/p>\n<p>&nbsp;<\/p>\n<p>&nbsp;<\/p>\n","protected":false},"excerpt":{"rendered":"<p>Segundo informa\u00e7\u00f5es do site da Prefeitura de Juiz de Fora, na pr\u00f3xima quinta-feira, 21, a Prefeitura de Juiz de Fora (PJF), por meio da Secretaria de Sa\u00fade (SS), realiza vacina\u00e7\u00e3o no Centro de Vigil\u00e2ncia em Sa\u00fade, localizado na Av. Dos Andradas, 523, no Centro, de 8h \u00e0s 13h. Neste dia, ser\u00e3o aplicados os imunizantes contra [&hellip;]<\/p>\n","protected":false},"author":246,"featured_media":197813,"comment_status":"closed","ping_status":"closed","sticky":false,"template":"","format":"standard","meta":{"footnotes":""},"categories":[253,436,439],"tags":[],"class_list":["post-197812","post","type-post","status-publish","format-standard","has-post-thumbnail","hentry","category-cidade","category-destaque-da-semana","category-ultima-hora"],"_links":{"self":[{"href":"https:\/\/diarioregionaldigital.com.br\/index.php?rest_route=\/wp\/v2\/posts\/197812","targetHints":{"allow":["GET"]}}],"collection":[{"href":"https:\/\/diarioregionaldigital.com.br\/index.php?rest_route=\/wp\/v2\/posts"}],"about":[{"href":"https:\/\/diarioregionaldigital.com.br\/index.php?rest_route=\/wp\/v2\/types\/post"}],"author":[{"embeddable":true,"href":"https:\/\/diarioregionaldigital.com.br\/index.php?rest_route=\/wp\/v2\/users\/246"}],"replies":[{"embeddable":true,"href":"https:\/\/diarioregionaldigital.com.br\/index.php?rest_route=%2Fwp%2Fv2%2Fcomments&post=197812"}],"version-history":[{"count":1,"href":"https:\/\/diarioregionaldigital.com.br\/index.php?rest_route=\/wp\/v2\/posts\/197812\/revisions"}],"predecessor-version":[{"id":197814,"href":"https:\/\/diarioregionaldigital.com.br\/index.php?rest_route=\/wp\/v2\/posts\/197812\/revisions\/197814"}],"wp:featuredmedia":[{"embeddable":true,"href":"https:\/\/diarioregionaldigital.com.br\/index.php?rest_route=\/wp\/v2\/media\/197813"}],"wp:attachment":[{"href":"https:\/\/diarioregionaldigital.com.br\/index.php?rest_route=%2Fwp%2Fv2%2Fmedia&parent=197812"}],"wp:term":[{"taxonomy":"category","embeddable":true,"href":"https:\/\/diarioregionaldigital.com.br\/index.php?rest_route=%2Fwp%2Fv2%2Fcategories&post=197812"},{"taxonomy":"post_tag","embeddable":true,"href":"https:\/\/diarioregionaldigital.com.br\/index.php?rest_route=%2Fwp%2Fv2%2Ftags&post=197812"}],"curies":[{"name":"wp","href":"https:\/\/api.w.org\/{rel}","templated":true}]}}