{"id":197809,"date":"2022-04-19T19:13:38","date_gmt":"2022-04-19T22:13:38","guid":{"rendered":"https:\/\/diarioregionaldigital.com.br\/?p=197809"},"modified":"2022-04-19T19:13:38","modified_gmt":"2022-04-19T22:13:38","slug":"guarda-municipal-divulga-balanco-de-atividades-do-feriado-da-semana-santa","status":"publish","type":"post","link":"https:\/\/diarioregionaldigital.com.br\/?p=197809","title":{"rendered":"Guarda Municipal divulga balan\u00e7o de atividades do feriado da Semana Santa"},"content":{"rendered":"<p>Segundo informa\u00e7\u00f5es do site da Prefeitura de Juiz de Fora, a Guarda Municipal de Juiz de Fora, \u00f3rg\u00e3o da Secretaria de Seguran\u00e7a Urbana e Cidadania (Sesuc), fechou balan\u00e7o das principais atividades realizadas durante o feriado da Semana Santa. Al\u00e9m das rondas preventivas de rotina, entre 13 e 18 de abril, a Guarda participou de opera\u00e7\u00f5es conjuntas com a Pol\u00edcia Militar, levando seguran\u00e7a preventiva ao espa\u00e7o p\u00fablico; apoiou a fiscaliza\u00e7\u00e3o de posturas, da Secretaria de Sustentabilidade em Meio Ambiente e Atividades Urbanas (Sesmaur), na opera\u00e7\u00e3o Ocupa\u00e7\u00e3o Legal, realizada na \u00e1rea central, durante o per\u00edodo de compras de P\u00e1scoa e colaborou com a Secretaria de Mobilidade Urbana (SMU) na ordena\u00e7\u00e3o do tr\u00e2nsito em prociss\u00f5es realizadas em bairros da cidade. Tamb\u00e9m houve registro de recolhimento de animal silvestre no S\u00e3o Mateus.<\/p>\n<p>Na quarta-feira, 13, a opera\u00e7\u00e3o \u201cOcupa\u00e7\u00e3o Legal\u201d foi realizada, tendo como foco a inibi\u00e7\u00e3o de a\u00e7\u00f5es il\u00edcitas no centro da cidade. A atua\u00e7\u00e3o integrada da Guarda e com a fiscaliza\u00e7\u00e3o de posturas foi refor\u00e7ada, possibilitando a amplia\u00e7\u00e3o das rotas de verifica\u00e7\u00e3o. A GM disponibilizou seis equipes, promovendo presen\u00e7a ostensiva nas principais vias do centro da cidade.<\/p>\n<p>Na quinta-feira, dia 14, em parceria com a Pol\u00edcia Militar, a Guarda esteve presente na opera\u00e7\u00e3o \u201cPra\u00e7a Segura\u201d, auxiliando no trabalho desenvolvido em benef\u00edcio da amplia\u00e7\u00e3o da sensa\u00e7\u00e3o de seguran\u00e7a para a popula\u00e7\u00e3o que transita, trabalha ou reside nas proximidades da Pra\u00e7a do Riachuelo. No s\u00e1bado, dia 16, uma blitz reuniu as duas corpora\u00e7\u00f5es, com o objetivo de proteger o p\u00fablico nas imedia\u00e7\u00f5es de show realizado em quadra de escola de samba na Avenida Brasil. Devido ao grande registro de com\u00e9rcio ambulante no local, foi solicitada presen\u00e7a da fiscaliza\u00e7\u00e3o de posturas, que compareceu para a reorganiza\u00e7\u00e3o do espa\u00e7o p\u00fablico.<\/p>\n<p>O apoio \u00e0 SMU em prociss\u00f5es religiosas realizadas na cidade nos dias 13 e 15, quarta e sexta-feira respectivamente, levou equipes da Guarda aos bairros Graja\u00fa e Francisco Bernardino. A Guarda Municipal atuou no controle do tr\u00e2nsito, na abertura e fechamento de vias e na prote\u00e7\u00e3o \u00e0 movimenta\u00e7\u00e3o dos fieis \u00e0 p\u00e9.<\/p>\n<p>Somam-se a esses empenhos, as rondas de prote\u00e7\u00e3o aos servi\u00e7os de urg\u00eancia e emerg\u00eancia do munic\u00edpio como Hospital de Pronto Socorro (HPS), Regional Leste e Pronto Atendimento Infantil (PAI); a presen\u00e7a nas pra\u00e7as do Riachuelo, da Esta\u00e7\u00e3o, Ant\u00f4nio Carlos e Parque Halfeld; bem como no Cemit\u00e9rio Municipal, na Rodovi\u00e1ria, no Parque da Lajinha e ruas da \u00e1rea central. A cobertura da Guarda Municipal abrangeu ainda o Alto dos Passos, o Restaurante Popular, a Central de Energia na Pra\u00e7a Ant\u00f4nio Carlos e as margens do Paraibuna.<\/p>\n<p>Por ser um \u00f3rg\u00e3o de seguran\u00e7a p\u00fablica, com funcionamento 24 horas, a Guarda mant\u00e9m suas atividades aos fins de semana e feriados. As equipes trabalham em sistema de escala rotativa em a\u00e7\u00f5es de prote\u00e7\u00e3o comunit\u00e1ria, de preven\u00e7\u00e3o a ocorr\u00eancias diversas e verifica\u00e7\u00e3o de chamados via central telef\u00f4nica 153. Para o pr\u00f3ximo feriado, os servi\u00e7os seguem normalmente.<\/p>\n","protected":false},"excerpt":{"rendered":"<p>Segundo informa\u00e7\u00f5es do site da Prefeitura de Juiz de Fora, a Guarda Municipal de Juiz de Fora, \u00f3rg\u00e3o da Secretaria de Seguran\u00e7a Urbana e Cidadania (Sesuc), fechou balan\u00e7o das principais atividades realizadas durante o feriado da Semana Santa. Al\u00e9m das rondas preventivas de rotina, entre 13 e 18 de abril, a Guarda participou de opera\u00e7\u00f5es [&hellip;]<\/p>\n","protected":false},"author":246,"featured_media":197810,"comment_status":"closed","ping_status":"closed","sticky":false,"template":"","format":"standard","meta":{"footnotes":""},"categories":[253,436,439],"tags":[],"class_list":["post-197809","post","type-post","status-publish","format-standard","has-post-thumbnail","hentry","category-cidade","category-destaque-da-semana","category-ultima-hora"],"_links":{"self":[{"href":"https:\/\/diarioregionaldigital.com.br\/index.php?rest_route=\/wp\/v2\/posts\/197809","targetHints":{"allow":["GET"]}}],"collection":[{"href":"https:\/\/diarioregionaldigital.com.br\/index.php?rest_route=\/wp\/v2\/posts"}],"about":[{"href":"https:\/\/diarioregionaldigital.com.br\/index.php?rest_route=\/wp\/v2\/types\/post"}],"author":[{"embeddable":true,"href":"https:\/\/diarioregionaldigital.com.br\/index.php?rest_route=\/wp\/v2\/users\/246"}],"replies":[{"embeddable":true,"href":"https:\/\/diarioregionaldigital.com.br\/index.php?rest_route=%2Fwp%2Fv2%2Fcomments&post=197809"}],"version-history":[{"count":1,"href":"https:\/\/diarioregionaldigital.com.br\/index.php?rest_route=\/wp\/v2\/posts\/197809\/revisions"}],"predecessor-version":[{"id":197811,"href":"https:\/\/diarioregionaldigital.com.br\/index.php?rest_route=\/wp\/v2\/posts\/197809\/revisions\/197811"}],"wp:featuredmedia":[{"embeddable":true,"href":"https:\/\/diarioregionaldigital.com.br\/index.php?rest_route=\/wp\/v2\/media\/197810"}],"wp:attachment":[{"href":"https:\/\/diarioregionaldigital.com.br\/index.php?rest_route=%2Fwp%2Fv2%2Fmedia&parent=197809"}],"wp:term":[{"taxonomy":"category","embeddable":true,"href":"https:\/\/diarioregionaldigital.com.br\/index.php?rest_route=%2Fwp%2Fv2%2Fcategories&post=197809"},{"taxonomy":"post_tag","embeddable":true,"href":"https:\/\/diarioregionaldigital.com.br\/index.php?rest_route=%2Fwp%2Fv2%2Ftags&post=197809"}],"curies":[{"name":"wp","href":"https:\/\/api.w.org\/{rel}","templated":true}]}}