{"id":197806,"date":"2022-04-19T19:05:21","date_gmt":"2022-04-19T22:05:21","guid":{"rendered":"https:\/\/diarioregionaldigital.com.br\/?p=197806"},"modified":"2022-04-19T19:05:21","modified_gmt":"2022-04-19T22:05:21","slug":"veja-como-fica-o-funcionamento-da-pjf-durante-o-feriado-de-tiradentes","status":"publish","type":"post","link":"https:\/\/diarioregionaldigital.com.br\/?p=197806","title":{"rendered":"Veja como fica o funcionamento da PJF durante o feriado de Tiradentes"},"content":{"rendered":"<p>Segundo informa\u00e7\u00f5es do site da Prefeitura de Juiz de Fora, em fun\u00e7\u00e3o do feriado de Tiradentes, na quinta-feira, 21, e do ponto facultativo na sexta-feira, 22, os servi\u00e7os da Prefeitura de Juiz de Fora (PJF) ter\u00e3o altera\u00e7\u00f5es. Confira:<\/p>\n<p>Companhia de Saneamento Municipal (Cesama): Na quinta-feira, 21, a Cesama funciona em esquema de plant\u00e3o, com atendimento pelo telefone 115, que funciona 24 horas por dia. Na sexta, a companhia tem expediente normal.<\/p>\n<p>Departamento Municipal de Limpeza Urbana (Demlurb): A coleta seletiva e de lixo domiciliar ser\u00e3o interrompidas na quinta-feira, 21, e realizadas normalmente na sexta-feira, 22. O mesmo cronograma \u00e9 v\u00e1lido para os ecopontos de coleta de pneus, na Rua Bartolomeu dos Santos, entre os bairros Benfica e S\u00e3o Dami\u00e3o; Ecoponto de recolhimento de restos da constru\u00e7\u00e3o civil, materiais recicl\u00e1veis, na Rua Diva Garcia, no Linhares, e em frente ao Est\u00e1dio Municipal, no Aeroporto; Ecoponto m\u00f3veis e eletrodom\u00e9sticos, na Rua Ant\u00f4nio Weitzel s\/n\u00ba (em frente ao n\u00famero 710), no bairro Barbosa Lage. Essas atividades tamb\u00e9m estar\u00e3o interrompidas na sexta-feira, 22. As a\u00e7\u00f5es de capina e ro\u00e7ada ser\u00e3o interrompidas na quinta-feira, 21, e ocorrer\u00e3o em esquema de plant\u00e3o na sexta-feira, 22. A varri\u00e7\u00e3o funcionar\u00e1 na quinta-feira, 21, e na sexta-feira, 22, em esquema de plant\u00e3o. J\u00e1 a lava\u00e7\u00e3o na regi\u00e3o central acontecer\u00e1 apenas na sexta-feira, 22.<\/p>\n<p>Guarda Municipal (GM): As equipes da Guarda, que trabalham em escala rotativa, se mant\u00eam em servi\u00e7o normal neste feriado. Assim como a Central de Atendimento 24h, pelo telefone 153, al\u00e9m das rondas preventivas.<\/p>\n<p>Agentes de Transporte e Tr\u00e2nsito: Durante os dias de feriado, as equipes de plant\u00e3o poder\u00e3o ser acionadas pelo telefone 2104-7400.<\/p>\n<p>Defesa Civil: A equipe da Defesa Civil estar\u00e1 de plant\u00e3o. Em caso de emerg\u00eancia, disque 199. A Central de Atendimento funciona 24h.<\/p>\n<p>Mercado Municipal: Na quinta-feira, funcionar\u00e1 das 8h \u00e0s 12h. Nos demais dias, funcionamento normal.<\/p>\n<p>Feiras livres: As feiras livres funcionam normalmente todos os dias.<\/p>\n<p>Restaurante Popular: Ficar\u00e1 fechado na quinta-feira, dia 21. J\u00e1 na sexta-feira, a unidade centro funciona normalmente.<\/p>\n<p>Sa\u00fade: Os servi\u00e7os de Urg\u00eancia e Emerg\u00eancia do Pronto Atendimento Infantil (PAI), Regional Leste e Hospital de Pronto Socorro (HPS), bem como a Central de Regula\u00e7\u00e3o de Vagas Hospitalares permanecem em funcionamento normal 24 horas durante o per\u00edodo. As Unidades B\u00e1sicas de Sa\u00fade (UBS) n\u00e3o funcionam na quinta e na sexta, retomando as atividades na segunda-feira, \u00e0s 8h. Os departamentos de Sa\u00fade da Mulher, Crian\u00e7a e do Adolescente e do Idoso retomam as atividades na segunda-feira. O Pam Marechal permanece fechado na quinta e na sexta, retomando os atendimentos na segunda-feira. As Vacina\u00e7\u00f5es contra a Covid-19, a Influenza e o Sarampo ser\u00e3o aplicadas na quinta-feira, 21, no pr\u00e9dio da Vigil\u00e2ncia em Sa\u00fade, de 8h \u00e0s 13h, para os p\u00fablicos alvos das campanhas. A aplica\u00e7\u00e3o de imunizantes retorna normalmente na pr\u00f3xima segunda-feira, 25, nas UBSs e nos departamentos de Sa\u00fade da Mulher, Gestante, Crian\u00e7a e do Adolescente e do Idoso, a partir das 8h.<\/p>\n<p>Casa da Mulher: O centro de refer\u00eancia n\u00e3o funcionar\u00e1 durante o per\u00edodo, retornando as atividades na segunda-feira, 25.<\/p>\n<p>Assist\u00eancia Social: Funcionar\u00e3o normalmente os equipamentos de acolhimento da popula\u00e7\u00e3o em situa\u00e7\u00e3o de rua, Centro Pop e acolhimento de crian\u00e7as e adolescentes. A Abordagem Social trabalha normal de 7h \u00e0 meia noite. Os Cras, Creas e Servi\u00e7os de Conviv\u00eancia e Fortalecimento de V\u00ednculos (SCFV) n\u00e3o funcionar\u00e3o.<\/p>\n<p>Conselhos Tutelares: Funcionar\u00e3o em esquema de plant\u00e3o, pelos telefones: Sul\/Oeste: 98431-4793; Centro\/Norte: 98429-4740 e Leste: 98463-0980.<\/p>\n<p>Espa\u00e7o Cidade: Funcionar\u00e1 na quinta, sexta, s\u00e1bado e domingo das 10h \u00e0s 15h.<\/p>\n<p>Funalfa: A sede da Funalfa, Teatro Paschoal Carlos Magno, Biblioteca Municipal, Museu Ferrovi\u00e1rio e o Centro Cultural Bernardo Mascarenhas permanecem fechados de quinta a domingo. A Pra\u00e7a CEU funciona, na quinta e sexta, das 10h \u00e0s 18h, no s\u00e1bado, das 10h \u00e0s 20h, e, no domingo, das 11h \u00e0s 19h.<\/p>\n<p>Parque do Museu Mariano Proc\u00f3pio: S\u00f3 permanecer\u00e1 fechado na quinta-feira, dia 21. Nos demais dias funcionar\u00e1 normalmente, das 8h \u00e0s 17h, com entrada permitida at\u00e9 as 16h30.<\/p>\n<p>Parque Municipal: O Parque Municipal funcionar\u00e1 normalmente todos os dias, de quinta \u00e0 domingo.<\/p>\n<p>Parque da Lajinha: O Parque da Lajinha funcionar\u00e1 normalmente todos os dias, inclusive na quinta-feira, dia 22. \u00c9 importante destacar que \u00e9 necess\u00e1rio o comprovante de vacina\u00e7\u00e3o em dia para entrada no parque. Al\u00e9m disso, por se tratar de Unidade de Conserva\u00e7\u00e3o n\u00e3o \u00e9 permitida a entrada de animais.<\/p>\n","protected":false},"excerpt":{"rendered":"<p>Segundo informa\u00e7\u00f5es do site da Prefeitura de Juiz de Fora, em fun\u00e7\u00e3o do feriado de Tiradentes, na quinta-feira, 21, e do ponto facultativo na sexta-feira, 22, os servi\u00e7os da Prefeitura de Juiz de Fora (PJF) ter\u00e3o altera\u00e7\u00f5es. Confira: Companhia de Saneamento Municipal (Cesama): Na quinta-feira, 21, a Cesama funciona em esquema de plant\u00e3o, com atendimento [&hellip;]<\/p>\n","protected":false},"author":246,"featured_media":197807,"comment_status":"closed","ping_status":"closed","sticky":false,"template":"","format":"standard","meta":{"footnotes":""},"categories":[253,436,440,439],"tags":[],"class_list":["post-197806","post","type-post","status-publish","format-standard","has-post-thumbnail","hentry","category-cidade","category-destaque-da-semana","category-destaques-do-dia","category-ultima-hora"],"_links":{"self":[{"href":"https:\/\/diarioregionaldigital.com.br\/index.php?rest_route=\/wp\/v2\/posts\/197806","targetHints":{"allow":["GET"]}}],"collection":[{"href":"https:\/\/diarioregionaldigital.com.br\/index.php?rest_route=\/wp\/v2\/posts"}],"about":[{"href":"https:\/\/diarioregionaldigital.com.br\/index.php?rest_route=\/wp\/v2\/types\/post"}],"author":[{"embeddable":true,"href":"https:\/\/diarioregionaldigital.com.br\/index.php?rest_route=\/wp\/v2\/users\/246"}],"replies":[{"embeddable":true,"href":"https:\/\/diarioregionaldigital.com.br\/index.php?rest_route=%2Fwp%2Fv2%2Fcomments&post=197806"}],"version-history":[{"count":1,"href":"https:\/\/diarioregionaldigital.com.br\/index.php?rest_route=\/wp\/v2\/posts\/197806\/revisions"}],"predecessor-version":[{"id":197808,"href":"https:\/\/diarioregionaldigital.com.br\/index.php?rest_route=\/wp\/v2\/posts\/197806\/revisions\/197808"}],"wp:featuredmedia":[{"embeddable":true,"href":"https:\/\/diarioregionaldigital.com.br\/index.php?rest_route=\/wp\/v2\/media\/197807"}],"wp:attachment":[{"href":"https:\/\/diarioregionaldigital.com.br\/index.php?rest_route=%2Fwp%2Fv2%2Fmedia&parent=197806"}],"wp:term":[{"taxonomy":"category","embeddable":true,"href":"https:\/\/diarioregionaldigital.com.br\/index.php?rest_route=%2Fwp%2Fv2%2Fcategories&post=197806"},{"taxonomy":"post_tag","embeddable":true,"href":"https:\/\/diarioregionaldigital.com.br\/index.php?rest_route=%2Fwp%2Fv2%2Ftags&post=197806"}],"curies":[{"name":"wp","href":"https:\/\/api.w.org\/{rel}","templated":true}]}}