{"id":197802,"date":"2022-04-19T18:47:10","date_gmt":"2022-04-19T21:47:10","guid":{"rendered":"https:\/\/diarioregionaldigital.com.br\/?p=197802"},"modified":"2022-04-19T18:47:10","modified_gmt":"2022-04-19T21:47:10","slug":"alison-dos-santos-faz-segunda-melhor-marca-brasileira-da-historia-nos-400m-rasos","status":"publish","type":"post","link":"https:\/\/diarioregionaldigital.com.br\/?p=197802","title":{"rendered":"Alison dos Santos faz segunda melhor marca brasileira da hist\u00f3ria nos 400m rasos"},"content":{"rendered":"<p>Depois de sete meses, Alison dos Santos, ganhador da medalha de bronze nos 400m com barreiras na Olimp\u00edada de T\u00f3quio, est\u00e1 de volta \u00e0s competi\u00e7\u00f5es. Ele estreou na temporada no s\u00e1bado (16.04) na disputa dos 400m rasos dos USATF Golden Games, que integraram as disputas do 62\u00ba MT. SAC Relays, em Walnut, na Calif\u00f3rnia.<\/p>\n<p>Alison (Pinheiros-SP) foi vice-campe\u00e3o, com o tempo de 44s54. Com o resultado, ele passa a ser o segundo brasileiro e o terceiro sul-americano mais r\u00e1pido da hist\u00f3ria na prova sem obst\u00e1culos. Al\u00e9m disso, assumiu a terceira coloca\u00e7\u00e3o no Ranking Mundial de 2022. O vencedor foi o norte-americano Michael Cherry, quarto na Olimp\u00edada de T\u00f3quio e campe\u00e3o da Liga Diamante-2021, com 44s28. J\u00e1 Bryce Deadmon, tamb\u00e9m dos Estados Unidos, ficou com o bronze, com 45s13.<\/p>\n<p>Com a marca, Alison fica atr\u00e1s apenas de Sanderlei Parrela no ranking hist\u00f3rico brasileiro dos 400m. Sanderlei correu a prova em 44s29 em 1999, quando conquistou a prata no Mundial de Sevilha, Espanha. O outro \u00fanico brasileiro que correu a dist\u00e2ncia abaixo dos 45 segundos foi Anderson Freitas Henriques, com 44s95, na final do Mundial de Moscou-2013.<\/p>\n<p>&#8220;Ele competiu cansado porque ainda est\u00e1 treinando muito forte. Apesar disso, esperava que ele corresse na casa dos 44 segundos. Ele tinha feito alguma coisa pr\u00f3xima disso no Mundial de Revezamento, no ano passado, mas foi no revezamento. Agora, conseguimos encaixar uma boa prova para abrir a temporada&#8221;, comentou o treinador Felipe de Siqueira. &#8220;Vamos voltar \u00e0s aten\u00e7\u00f5es para os 400m com barreiras e ele compete no dia 30 de abril nos EUA e depois partimos para a Liga Diamante.&#8221;<\/p>\n<p>Alison e Felipe est\u00e3o desde 3 de mar\u00e7o no Centro Ol\u00edmpico dos Estados Unidos, em Chula Vista, na regi\u00e3o de San Diego, na Calif\u00f3rnia. O objetivo \u00e9 a prepara\u00e7\u00e3o para o Mundial de Oregon, de 15 a 24 de julho, tamb\u00e9m nos Estados Unidos, mas a longo prazo, claro, \u00e9 a Olimp\u00edada de Paris-2024.<\/p>\n<p>O \u00faltimo evento do brasileiro, nascido em S\u00e3o Joaquim da Barra (SP), no dia 3 de junho de 2000, havia sido o Gal\u00e0 dei Castelli, etapa da s\u00e9rie prata do World Athletics Continental Tour, em 14 de setembro, no Stadio Comunale, na cidade de Bellinzona, Su\u00ed\u00e7a. Alison venceu os 400m com barreiras, com 48s15 na despedida de 2021.<\/p>\n<p>Depois disso, Piu, como Alison \u00e9 conhecido, tirou um per\u00edodo de descanso, retornando aos treinos em outubro, em S\u00e3o Paulo. Eleito o melhor do atletismo brasileiro pelo Comit\u00ea Ol\u00edmpico do Brasil (COB) e vencedor do Pr\u00eamio Loterias Caixa da Confedera\u00e7\u00e3o Brasileira de Atletismo (CBAt), Alison encara com tranquilidade a miss\u00e3o de melhorar seus resultados. Ele quebrou seis vezes o recorde sul-americano no ano passado e obteve a fant\u00e1stica marca de 46s72, na final ol\u00edmpica, a terceira melhor da hist\u00f3ria.<\/p>\n<p>Fonte: Confedera\u00e7\u00e3o Brasileira de Atletismo<\/p>\n","protected":false},"excerpt":{"rendered":"<p>Depois de sete meses, Alison dos Santos, ganhador da medalha de bronze nos 400m com barreiras na Olimp\u00edada de T\u00f3quio, est\u00e1 de volta \u00e0s competi\u00e7\u00f5es. Ele estreou na temporada no s\u00e1bado (16.04) na disputa dos 400m rasos dos USATF Golden Games, que integraram as disputas do 62\u00ba MT. SAC Relays, em Walnut, na Calif\u00f3rnia. Alison [&hellip;]<\/p>\n","protected":false},"author":246,"featured_media":197803,"comment_status":"closed","ping_status":"closed","sticky":false,"template":"","format":"standard","meta":{"footnotes":""},"categories":[436,257,439],"tags":[],"class_list":["post-197802","post","type-post","status-publish","format-standard","has-post-thumbnail","hentry","category-destaque-da-semana","category-esporte","category-ultima-hora"],"_links":{"self":[{"href":"https:\/\/diarioregionaldigital.com.br\/index.php?rest_route=\/wp\/v2\/posts\/197802","targetHints":{"allow":["GET"]}}],"collection":[{"href":"https:\/\/diarioregionaldigital.com.br\/index.php?rest_route=\/wp\/v2\/posts"}],"about":[{"href":"https:\/\/diarioregionaldigital.com.br\/index.php?rest_route=\/wp\/v2\/types\/post"}],"author":[{"embeddable":true,"href":"https:\/\/diarioregionaldigital.com.br\/index.php?rest_route=\/wp\/v2\/users\/246"}],"replies":[{"embeddable":true,"href":"https:\/\/diarioregionaldigital.com.br\/index.php?rest_route=%2Fwp%2Fv2%2Fcomments&post=197802"}],"version-history":[{"count":2,"href":"https:\/\/diarioregionaldigital.com.br\/index.php?rest_route=\/wp\/v2\/posts\/197802\/revisions"}],"predecessor-version":[{"id":197805,"href":"https:\/\/diarioregionaldigital.com.br\/index.php?rest_route=\/wp\/v2\/posts\/197802\/revisions\/197805"}],"wp:featuredmedia":[{"embeddable":true,"href":"https:\/\/diarioregionaldigital.com.br\/index.php?rest_route=\/wp\/v2\/media\/197803"}],"wp:attachment":[{"href":"https:\/\/diarioregionaldigital.com.br\/index.php?rest_route=%2Fwp%2Fv2%2Fmedia&parent=197802"}],"wp:term":[{"taxonomy":"category","embeddable":true,"href":"https:\/\/diarioregionaldigital.com.br\/index.php?rest_route=%2Fwp%2Fv2%2Fcategories&post=197802"},{"taxonomy":"post_tag","embeddable":true,"href":"https:\/\/diarioregionaldigital.com.br\/index.php?rest_route=%2Fwp%2Fv2%2Ftags&post=197802"}],"curies":[{"name":"wp","href":"https:\/\/api.w.org\/{rel}","templated":true}]}}