{"id":197799,"date":"2022-04-19T18:45:22","date_gmt":"2022-04-19T21:45:22","guid":{"rendered":"https:\/\/diarioregionaldigital.com.br\/?p=197799"},"modified":"2022-04-19T18:45:22","modified_gmt":"2022-04-19T21:45:22","slug":"atleta-da-nova-geracao-e-ouro-e-brasil-fica-em-2o-no-pan-de-taekwondo","status":"publish","type":"post","link":"https:\/\/diarioregionaldigital.com.br\/?p=197799","title":{"rendered":"Atleta da nova gera\u00e7\u00e3o \u00e9 ouro e Brasil fica em 2\u00ba no Pan de taekwondo"},"content":{"rendered":"<p>O Brasil foi o vice-campe\u00e3o geral do primeiro Pan-Americano de taekwondo paral\u00edmpico. Os brasileiros conquistaram 14 medalhas na competi\u00e7\u00e3o, realizada na sexta-feira, 15.04, na Arena Carioca 1, no Rio de Janeiro. O M\u00e9xico, com quatro ouros, foi o campe\u00e3o geral.<\/p>\n<p>Foram duas medalhas de ouro, cinco de prata e sete de bronze conquistadas pelos atletas brasileiros. Destaque para Fabr\u00edcio Marques (at\u00e9 58 kg), 20 anos, e Nathan Torquato (at\u00e9 63 kg), 21, que subiram ao lugar mais alto do p\u00f3dio em suas categorias. \u201cEstou muito feliz com esse ouro que conquistei e com o pr\u00eamio de melhor atleta da competi\u00e7\u00e3o. \u00c9 uma alegria muito grande\u201d, disse Fabr\u00edcio.<\/p>\n<p>De acordo com o coordenador de taekwondo paral\u00edmpico da Confedera\u00e7\u00e3o Brasileira de Taekwondo (CBTKD), Rodrigo Ferla, a campanha no Pan-Americano coroa o bom momento da modalidade no pa\u00eds.<\/p>\n<p>\u201cTivemos pontos muito positivos. O Fabr\u00edcio venceu e lutou muito bem. O Nathan confirmou o favoritismo. Al\u00e9m disso, tivemos atletas que n\u00e3o fazem parte da Sele\u00e7\u00e3o e que chegaram \u00e0s finais. Isso mostra que temos muitos atletas e que o taekwondo paral\u00edmpico vem forte\u201d, disse Rodrigo Ferla, que foi eleito o melhor t\u00e9cnico da competi\u00e7\u00e3o.<\/p>\n<p>Medalhista de ouro nos Jogos de T\u00f3quio, Nathan Torquato entrou na competi\u00e7\u00e3o como um dos favoritos. \u201cMuito feliz com essa conquista e, principalmente, por ser a primeira medalha internacional dentro do meu pa\u00eds. Para aumentar a felicidade, somam-se mais pontos no ranking Mundial. Com isso, me consolido mais ainda como l\u00edder da minha categoria\u201d, disse Nathan.<\/p>\n<p>Prata nos Jogos de T\u00f3quio, Debora Menezes (acima dos 58 kg) repetiu o feito no Pan-Americano e foi vice-campe\u00e3 em sua categoria nesta sexta-feira.<\/p>\n<p>Fonte: Comit\u00ea Paral\u00edmpico Brasileiro (CPB)<\/p>\n","protected":false},"excerpt":{"rendered":"<p>O Brasil foi o vice-campe\u00e3o geral do primeiro Pan-Americano de taekwondo paral\u00edmpico. Os brasileiros conquistaram 14 medalhas na competi\u00e7\u00e3o, realizada na sexta-feira, 15.04, na Arena Carioca 1, no Rio de Janeiro. O M\u00e9xico, com quatro ouros, foi o campe\u00e3o geral. Foram duas medalhas de ouro, cinco de prata e sete de bronze conquistadas pelos atletas [&hellip;]<\/p>\n","protected":false},"author":246,"featured_media":197800,"comment_status":"closed","ping_status":"closed","sticky":false,"template":"","format":"standard","meta":{"footnotes":""},"categories":[436,257,439],"tags":[],"class_list":["post-197799","post","type-post","status-publish","format-standard","has-post-thumbnail","hentry","category-destaque-da-semana","category-esporte","category-ultima-hora"],"_links":{"self":[{"href":"https:\/\/diarioregionaldigital.com.br\/index.php?rest_route=\/wp\/v2\/posts\/197799","targetHints":{"allow":["GET"]}}],"collection":[{"href":"https:\/\/diarioregionaldigital.com.br\/index.php?rest_route=\/wp\/v2\/posts"}],"about":[{"href":"https:\/\/diarioregionaldigital.com.br\/index.php?rest_route=\/wp\/v2\/types\/post"}],"author":[{"embeddable":true,"href":"https:\/\/diarioregionaldigital.com.br\/index.php?rest_route=\/wp\/v2\/users\/246"}],"replies":[{"embeddable":true,"href":"https:\/\/diarioregionaldigital.com.br\/index.php?rest_route=%2Fwp%2Fv2%2Fcomments&post=197799"}],"version-history":[{"count":1,"href":"https:\/\/diarioregionaldigital.com.br\/index.php?rest_route=\/wp\/v2\/posts\/197799\/revisions"}],"predecessor-version":[{"id":197801,"href":"https:\/\/diarioregionaldigital.com.br\/index.php?rest_route=\/wp\/v2\/posts\/197799\/revisions\/197801"}],"wp:featuredmedia":[{"embeddable":true,"href":"https:\/\/diarioregionaldigital.com.br\/index.php?rest_route=\/wp\/v2\/media\/197800"}],"wp:attachment":[{"href":"https:\/\/diarioregionaldigital.com.br\/index.php?rest_route=%2Fwp%2Fv2%2Fmedia&parent=197799"}],"wp:term":[{"taxonomy":"category","embeddable":true,"href":"https:\/\/diarioregionaldigital.com.br\/index.php?rest_route=%2Fwp%2Fv2%2Fcategories&post=197799"},{"taxonomy":"post_tag","embeddable":true,"href":"https:\/\/diarioregionaldigital.com.br\/index.php?rest_route=%2Fwp%2Fv2%2Ftags&post=197799"}],"curies":[{"name":"wp","href":"https:\/\/api.w.org\/{rel}","templated":true}]}}