{"id":197796,"date":"2022-04-19T18:43:54","date_gmt":"2022-04-19T21:43:54","guid":{"rendered":"https:\/\/diarioregionaldigital.com.br\/?p=197796"},"modified":"2022-04-19T18:43:54","modified_gmt":"2022-04-19T21:43:54","slug":"brasil-conquista-prata-no-florete-e-fecha-copa-do-mundo-com-tres-podios","status":"publish","type":"post","link":"https:\/\/diarioregionaldigital.com.br\/?p=197796","title":{"rendered":"Brasil conquista prata no florete e fecha Copa do Mundo com tr\u00eas p\u00f3dios"},"content":{"rendered":"<p>No encerramento da etapa brasileira da Copa do Mundo de esgrima em cadeira de rodas, o Brasil conquistou a prata por equipes no florete misto. A competi\u00e7\u00e3o foi realizada no Centro de Treinamento Paral\u00edmpico, em S\u00e3o Paulo e o Brasil foi derrotado na decis\u00e3o pelo time italiano por 20 a 12.<\/p>\n<p>Com isso, o Brasil encerrou a competi\u00e7\u00e3o com tr\u00eas medalhas: ouro e bronze do ga\u00facho Jovane Guissone, no florete B e espada B individuais, e a prata da equipe mista. Jovane, vice-campe\u00e3o paral\u00edmpico em T\u00f3quio 2020, tamb\u00e9m fez parte do time que subiu ao p\u00f3dio neste domingo.<\/p>\n<p>O florete misto foi disputado como evento-teste na Copa do Mundo. Ainda n\u00e3o estar\u00e1 nos Jogos Paral\u00edmpicos de Paris 2024. \u00c9 jogado em 20 pontos, com quatro atletas disputando combates de cinco pontos para cada equipe.<\/p>\n<p>A equipe brasileira teve M\u00f4nica Santos, Fabiana Soares, Jovane Guissone e Alex Sandro Souza. Os italianos foram representados por Alexia Biagini, Ionella Bogos, Michelle Massa e Emanuelle Lambertini.<\/p>\n<p>Alexia enfrentou M\u00f4nica e abriu 5 x 4 para a It\u00e1lia. Depois, foi a vez de Ionella jogar contra Fabiana. Ao final do segundo jogo, os italianos venciam a decis\u00e3o por 10 a 4.<\/p>\n<p>Jovane, que enfrentou Massa, conseguiu equilibrar a disputa e diminuiu a desvantagem brasileira para 15 x 12. No entanto, Lambertini superou Alex Sandro, fechou a final em 20 a 12 e garantiu o ouro para a It\u00e1lia.<\/p>\n<p>\u201cFoi uma experi\u00eancia boa, uma equipe nova, mista, algo que nunca tinha ocorrido. Todo mundo que participou cresceu um pouco com isso\u201d, disse Fabiana Soares, uma das integrantes do time brasileiro.<\/p>\n<p>Apesar de n\u00e3o ter conquistado medalhas nas competi\u00e7\u00f5es por equipes na espada masculina e no sabre feminino, o Brasil tamb\u00e9m teve boa participa\u00e7\u00e3o. Em ambas, terminou em quarto lugar.<\/p>\n<p>\u201cA participa\u00e7\u00e3o foi muito boa. Uma s\u00f3lida largada rumo aos Jogos de Paris. A estrutura que o pa\u00eds disponibilizou para os Jogos de 2016 foi mantida e est\u00e1 gerando resultados para o esporte com o sucesso que estamos obtendo\u201d, avaliou Arno Schneider, vice-presidente da Confedera\u00e7\u00e3o Brasileira de Esgrima (CBE).<\/p>\n<p>Fonte: Confedera\u00e7\u00e3o Brasileira de Esgrima<\/p>\n<p>&nbsp;<\/p>\n","protected":false},"excerpt":{"rendered":"<p>No encerramento da etapa brasileira da Copa do Mundo de esgrima em cadeira de rodas, o Brasil conquistou a prata por equipes no florete misto. A competi\u00e7\u00e3o foi realizada no Centro de Treinamento Paral\u00edmpico, em S\u00e3o Paulo e o Brasil foi derrotado na decis\u00e3o pelo time italiano por 20 a 12. Com isso, o Brasil [&hellip;]<\/p>\n","protected":false},"author":246,"featured_media":197797,"comment_status":"closed","ping_status":"closed","sticky":false,"template":"","format":"standard","meta":{"footnotes":""},"categories":[436,257,439],"tags":[],"class_list":["post-197796","post","type-post","status-publish","format-standard","has-post-thumbnail","hentry","category-destaque-da-semana","category-esporte","category-ultima-hora"],"_links":{"self":[{"href":"https:\/\/diarioregionaldigital.com.br\/index.php?rest_route=\/wp\/v2\/posts\/197796","targetHints":{"allow":["GET"]}}],"collection":[{"href":"https:\/\/diarioregionaldigital.com.br\/index.php?rest_route=\/wp\/v2\/posts"}],"about":[{"href":"https:\/\/diarioregionaldigital.com.br\/index.php?rest_route=\/wp\/v2\/types\/post"}],"author":[{"embeddable":true,"href":"https:\/\/diarioregionaldigital.com.br\/index.php?rest_route=\/wp\/v2\/users\/246"}],"replies":[{"embeddable":true,"href":"https:\/\/diarioregionaldigital.com.br\/index.php?rest_route=%2Fwp%2Fv2%2Fcomments&post=197796"}],"version-history":[{"count":1,"href":"https:\/\/diarioregionaldigital.com.br\/index.php?rest_route=\/wp\/v2\/posts\/197796\/revisions"}],"predecessor-version":[{"id":197798,"href":"https:\/\/diarioregionaldigital.com.br\/index.php?rest_route=\/wp\/v2\/posts\/197796\/revisions\/197798"}],"wp:featuredmedia":[{"embeddable":true,"href":"https:\/\/diarioregionaldigital.com.br\/index.php?rest_route=\/wp\/v2\/media\/197797"}],"wp:attachment":[{"href":"https:\/\/diarioregionaldigital.com.br\/index.php?rest_route=%2Fwp%2Fv2%2Fmedia&parent=197796"}],"wp:term":[{"taxonomy":"category","embeddable":true,"href":"https:\/\/diarioregionaldigital.com.br\/index.php?rest_route=%2Fwp%2Fv2%2Fcategories&post=197796"},{"taxonomy":"post_tag","embeddable":true,"href":"https:\/\/diarioregionaldigital.com.br\/index.php?rest_route=%2Fwp%2Fv2%2Ftags&post=197796"}],"curies":[{"name":"wp","href":"https:\/\/api.w.org\/{rel}","templated":true}]}}