{"id":197793,"date":"2022-04-19T18:41:35","date_gmt":"2022-04-19T21:41:35","guid":{"rendered":"https:\/\/diarioregionaldigital.com.br\/?p=197793"},"modified":"2022-04-19T18:41:35","modified_gmt":"2022-04-19T21:41:35","slug":"thiago-monteiro-avanca-as-oitavas-de-final-do-atp-de-belgrado","status":"publish","type":"post","link":"https:\/\/diarioregionaldigital.com.br\/?p=197793","title":{"rendered":"Thiago Monteiro avan\u00e7a \u00e0s oitavas de final do ATP de Belgrado"},"content":{"rendered":"<p>O ceararense Thiago Monteiro, atual 110\u00ba colocado no ranking mundial, assegurou presen\u00e7a nas oitavas de final do ATP 250 de Belgrado (S\u00e9rvia) ao vencer o portugu\u00eas Jo\u00e3o Sousa (85\u00ba) por 2 sets a 0 (parciais de 6\/4 e 6\/3). A vit\u00f3ria desta ter\u00e7a-feira (19), depois de 1h26min de embate na quadra de saibro, marcou a estreia do brasileiro na chave principal do torneio, ap\u00f3s duas vit\u00f3rias no qualificat\u00f3rio.<img decoding=\"async\" src=\"https:\/\/agenciabrasil.ebc.com.br\/ebc.png?id=1454808&amp;o=node\" \/><img decoding=\"async\" src=\"https:\/\/agenciabrasil.ebc.com.br\/ebc.gif?id=1454808&amp;o=node\" \/><\/p>\n<p>O equil\u00edbrio deu o tom no primeiro set. Com o placar 3 a 3, Monteiro salvou dois break-points e a disputa seguiu acirrada, at\u00e9 conseguir a quebra de saque e fechar a parcial em 6\/4. O set seguinte foi melhor para o brasileiro: chegou a abrir vantagem \u00a04 a 1 e administrou o jogo at\u00e9 a vit\u00f3ria.<\/p>\n<p>Monteiro ter\u00e1 um desafio ainda maior\u00a0nas oitavas, programadas para esta quarta (20), em hor\u00e1rio ainda a ser definido. O advers\u00e1rio ser\u00e1 o ser\u00e1 o vencedor do embate entre o belga David Goffin (49\u00ba) e o s\u00e9rvio Filip Krajinovic (45\u00ba).<\/p>\n<p>O brasileiro poder retornar ao top 100 do ranking mundial da ATP caso alcance as semifinais\u00a0em Belgrado.<\/p>\n<p>Fonte: Ag\u00eancia Brasil<\/p>\n","protected":false},"excerpt":{"rendered":"<p>O ceararense Thiago Monteiro, atual 110\u00ba colocado no ranking mundial, assegurou presen\u00e7a nas oitavas de final do ATP 250 de Belgrado (S\u00e9rvia) ao vencer o portugu\u00eas Jo\u00e3o Sousa (85\u00ba) por 2 sets a 0 (parciais de 6\/4 e 6\/3). A vit\u00f3ria desta ter\u00e7a-feira (19), depois de 1h26min de embate na quadra de saibro, marcou a [&hellip;]<\/p>\n","protected":false},"author":246,"featured_media":197794,"comment_status":"closed","ping_status":"closed","sticky":false,"template":"","format":"standard","meta":{"footnotes":""},"categories":[436,440,257,439],"tags":[],"class_list":["post-197793","post","type-post","status-publish","format-standard","has-post-thumbnail","hentry","category-destaque-da-semana","category-destaques-do-dia","category-esporte","category-ultima-hora"],"_links":{"self":[{"href":"https:\/\/diarioregionaldigital.com.br\/index.php?rest_route=\/wp\/v2\/posts\/197793","targetHints":{"allow":["GET"]}}],"collection":[{"href":"https:\/\/diarioregionaldigital.com.br\/index.php?rest_route=\/wp\/v2\/posts"}],"about":[{"href":"https:\/\/diarioregionaldigital.com.br\/index.php?rest_route=\/wp\/v2\/types\/post"}],"author":[{"embeddable":true,"href":"https:\/\/diarioregionaldigital.com.br\/index.php?rest_route=\/wp\/v2\/users\/246"}],"replies":[{"embeddable":true,"href":"https:\/\/diarioregionaldigital.com.br\/index.php?rest_route=%2Fwp%2Fv2%2Fcomments&post=197793"}],"version-history":[{"count":1,"href":"https:\/\/diarioregionaldigital.com.br\/index.php?rest_route=\/wp\/v2\/posts\/197793\/revisions"}],"predecessor-version":[{"id":197795,"href":"https:\/\/diarioregionaldigital.com.br\/index.php?rest_route=\/wp\/v2\/posts\/197793\/revisions\/197795"}],"wp:featuredmedia":[{"embeddable":true,"href":"https:\/\/diarioregionaldigital.com.br\/index.php?rest_route=\/wp\/v2\/media\/197794"}],"wp:attachment":[{"href":"https:\/\/diarioregionaldigital.com.br\/index.php?rest_route=%2Fwp%2Fv2%2Fmedia&parent=197793"}],"wp:term":[{"taxonomy":"category","embeddable":true,"href":"https:\/\/diarioregionaldigital.com.br\/index.php?rest_route=%2Fwp%2Fv2%2Fcategories&post=197793"},{"taxonomy":"post_tag","embeddable":true,"href":"https:\/\/diarioregionaldigital.com.br\/index.php?rest_route=%2Fwp%2Fv2%2Ftags&post=197793"}],"curies":[{"name":"wp","href":"https:\/\/api.w.org\/{rel}","templated":true}]}}