{"id":197790,"date":"2022-04-19T18:33:11","date_gmt":"2022-04-19T21:33:11","guid":{"rendered":"https:\/\/diarioregionaldigital.com.br\/?p=197790"},"modified":"2022-04-19T18:33:11","modified_gmt":"2022-04-19T21:33:11","slug":"ouvidoria-movel-registra-manifestacoes-dos-cidadaos-em-caete","status":"publish","type":"post","link":"https:\/\/diarioregionaldigital.com.br\/?p=197790","title":{"rendered":"Ouvidoria M\u00f3vel registra manifesta\u00e7\u00f5es dos cidad\u00e3os em Caet\u00e9"},"content":{"rendered":"<p>Moradores de Caet\u00e9, na Regi\u00e3o Metropolitana de Belo Horizonte (RMBH), foram atendidos pelo \u00f4nibus da\u00a0<a href=\"http:\/\/www.ouvidoriageral.mg.gov.br\/\" target=\"_blank\" rel=\"noopener\">Ouvidoria-Geral do Estado (OGE\/MG)<\/a>\u00a0nesta ter\u00e7a-feira (19\/4). Os cidad\u00e3os puderam fazer suas manifesta\u00e7\u00f5es e conversar de perto com o Governo de Minas. A a\u00e7\u00e3o, realizada na Pra\u00e7a Dr. Jo\u00e3o Pinheiro, contou com a participa\u00e7\u00e3o do governador Romeu Zema e da ouvidora-geral do Estado, Simone Deoud.<\/p>\n<p>Na oportunidade,\u00a0o governador ressaltou a import\u00e2ncia da institui\u00e7\u00e3o\u00a0como canal que coloca o cidad\u00e3o em contato com o governo.<\/p>\n<p>\u201cA Ouvidoria consegue, por meio dos\u00a0e-mails, telefonemas\u00a0e tamb\u00e9m pelo Whatsapp, saber como os servi\u00e7os p\u00fablicos est\u00e3o sendo prestados. \u00c9 um canal para o cidad\u00e3o reclamar, e \u00e9 por meio do qual temos condi\u00e7\u00e3o de verificar qualquer problema que esteja acontecendo em alguma \u00e1rea do governo. O pagador de impostos merece todo o respeito, merece ser atendido adequadamente, em qualquer reparti\u00e7\u00e3o p\u00fablica\u201d, destacou o governador.<\/p>\n<p>A ouvidora-geral do Estado, Simone Deoud, enfatizou a a\u00e7\u00e3o como ferramenta de gest\u00e3o. \u201cOuvir o cidad\u00e3o \u00e9 o DNA deste governo, que acolhe e respeita a opini\u00e3o de cada mineiro. Acreditamos que\u00a0<a href=\"http:\/\/www.mg.gov.br\/\" target=\"_blank\" rel=\"noopener\">Governo do Estado<\/a>\u00a0e sociedade, juntos, constroem uma Minas Gerais mais eficiente, que entrega a cada dia servi\u00e7os aprimorados e de qualidade para todos\u201d, disse a ouvidora-geral.<\/p>\n<p>O aposentado C\u00e9lio Benjamim Viana, que esteve no evento, registrou sua manifesta\u00e7\u00e3o e avaliou o projeto como positivo. \u201cFui muito bem atendido, esse projeto mostra que o governo est\u00e1 atento, respeita as pessoas e quer saber como n\u00f3s avaliamos os servi\u00e7os estaduais. Fiquei feliz quando soube que a Ouvidoria estaria aqui na cidade, porque precisava conversar e passar a dificuldade que estava enfrentando e consegui resolver o problema que se arrastava h\u00e1 mais de tr\u00eas meses\u201d, explicou o aposentado.<\/p>\n<p>Os atendimentos foram realizados das 10h \u00e0s 16h, pelo ouvidor de Desenvolvimento\u00a0Econ\u00f4mico, Infraestrutura e Desenvolvimento\u00a0Social da OGE\/MG, Maur\u00edcio Miranda, e uma equipe de analistas.<\/p>\n<p>O \u00f4nibus da OGE\/MG levar\u00e1, ainda este ano, ouvidores especializados a v\u00e1rios munic\u00edpios mineiros para ouvir de perto a popula\u00e7\u00e3o, aproximando o cidad\u00e3o da gest\u00e3o p\u00fablica estadual.<\/p>\n<p><strong>Canais de atendimento<\/strong><\/p>\n<p>A OGE\/MG \u00e9 \u00f3rg\u00e3o de controle social que auxilia diretamente o governador na fiscaliza\u00e7\u00e3o dos servi\u00e7os estaduais, porta de entrada para o cidad\u00e3o manifestar. Os registros podem ser feitos pelos canais de atendimento:<\/p>\n<p>Site:\u00a0<a href=\"http:\/\/www.ouvidoriageral.mg.gov.br\/\" target=\"_blank\" rel=\"noopener\">www.ouvidoriageral.mg.gov.br<\/a><\/p>\n<p>WhatsApp: (31) 3915-2022 \u2013 atendente virtual da OGE\/MG, Bel.<\/p>\n<p>Aplicativo MGApp, Ouvidoria na palma da m\u00e3o (dispon\u00edvel para Android e iOS)<\/p>\n<p>Telefones:\u00a0 162, Disque &#8211; Ouvidoria e 136, Disque &#8211; Sa\u00fade<\/p>\n<p>Fonte: Ag\u00eancia Minas<\/p>\n","protected":false},"excerpt":{"rendered":"<p>Moradores de Caet\u00e9, na Regi\u00e3o Metropolitana de Belo Horizonte (RMBH), foram atendidos pelo \u00f4nibus da\u00a0Ouvidoria-Geral do Estado (OGE\/MG)\u00a0nesta ter\u00e7a-feira (19\/4). Os cidad\u00e3os puderam fazer suas manifesta\u00e7\u00f5es e conversar de perto com o Governo de Minas. A a\u00e7\u00e3o, realizada na Pra\u00e7a Dr. Jo\u00e3o Pinheiro, contou com a participa\u00e7\u00e3o do governador Romeu Zema e da ouvidora-geral do [&hellip;]<\/p>\n","protected":false},"author":246,"featured_media":197791,"comment_status":"closed","ping_status":"closed","sticky":false,"template":"","format":"standard","meta":{"footnotes":""},"categories":[436,254,439],"tags":[],"class_list":["post-197790","post","type-post","status-publish","format-standard","has-post-thumbnail","hentry","category-destaque-da-semana","category-politica","category-ultima-hora"],"_links":{"self":[{"href":"https:\/\/diarioregionaldigital.com.br\/index.php?rest_route=\/wp\/v2\/posts\/197790","targetHints":{"allow":["GET"]}}],"collection":[{"href":"https:\/\/diarioregionaldigital.com.br\/index.php?rest_route=\/wp\/v2\/posts"}],"about":[{"href":"https:\/\/diarioregionaldigital.com.br\/index.php?rest_route=\/wp\/v2\/types\/post"}],"author":[{"embeddable":true,"href":"https:\/\/diarioregionaldigital.com.br\/index.php?rest_route=\/wp\/v2\/users\/246"}],"replies":[{"embeddable":true,"href":"https:\/\/diarioregionaldigital.com.br\/index.php?rest_route=%2Fwp%2Fv2%2Fcomments&post=197790"}],"version-history":[{"count":1,"href":"https:\/\/diarioregionaldigital.com.br\/index.php?rest_route=\/wp\/v2\/posts\/197790\/revisions"}],"predecessor-version":[{"id":197792,"href":"https:\/\/diarioregionaldigital.com.br\/index.php?rest_route=\/wp\/v2\/posts\/197790\/revisions\/197792"}],"wp:featuredmedia":[{"embeddable":true,"href":"https:\/\/diarioregionaldigital.com.br\/index.php?rest_route=\/wp\/v2\/media\/197791"}],"wp:attachment":[{"href":"https:\/\/diarioregionaldigital.com.br\/index.php?rest_route=%2Fwp%2Fv2%2Fmedia&parent=197790"}],"wp:term":[{"taxonomy":"category","embeddable":true,"href":"https:\/\/diarioregionaldigital.com.br\/index.php?rest_route=%2Fwp%2Fv2%2Fcategories&post=197790"},{"taxonomy":"post_tag","embeddable":true,"href":"https:\/\/diarioregionaldigital.com.br\/index.php?rest_route=%2Fwp%2Fv2%2Ftags&post=197790"}],"curies":[{"name":"wp","href":"https:\/\/api.w.org\/{rel}","templated":true}]}}