{"id":197787,"date":"2022-04-19T18:31:30","date_gmt":"2022-04-19T21:31:30","guid":{"rendered":"https:\/\/diarioregionaldigital.com.br\/?p=197787"},"modified":"2022-04-19T18:31:30","modified_gmt":"2022-04-19T21:31:30","slug":"pavimentacao-da-mgc-262-entre-caete-e-barao-de-cocais-ja-tem-20-dos-servicos-executados","status":"publish","type":"post","link":"https:\/\/diarioregionaldigital.com.br\/?p=197787","title":{"rendered":"Pavimenta\u00e7\u00e3o da MGC-262, entre Caet\u00e9 e Bar\u00e3o de Cocais, j\u00e1 tem 20% dos servi\u00e7os executados"},"content":{"rendered":"<p>O governador Romeu Zema visitou, na manh\u00e3 desta ter\u00e7a-feira (19\/4), as obras de melhoramento e pavimenta\u00e7\u00e3o de um trecho de aproximadamente 25 quil\u00f4metros da MGC-262, entre Caet\u00e9 e Bar\u00e3o de Cocais, na Regi\u00e3o Metropolitana de Belo Horizonte (RMBH). At\u00e9 o momento, 20% dos servi\u00e7os j\u00e1 foram executados pelo\u00a0<a href=\"http:\/\/www.der.mg.gov.br\/\" target=\"_blank\" rel=\"noopener\">Departamento de Edifica\u00e7\u00f5es e Estradas de Rodagem\u00a0(DER-MG)<\/a>. As interven\u00e7\u00f5es\u00a0fazem parte do Provias, maior pacote de obras rodovi\u00e1rias da \u00faltima d\u00e9cada, e contar\u00e3o com investimento total de R$ 83 milh\u00f5es.<\/p>\n<p>Durante a visita, o governador ressaltou que a longa espera pela conclus\u00e3o da obra finalmente vai acabar, principalmente para os mais de 2 mil moradores do distrito de Rancho Novo, que usam a estrada para chegar \u00e0 cidade de Bar\u00e3o de Cocais. As interven\u00e7\u00f5es tamb\u00e9m incluem aumento de 3,9 quil\u00f4metros do contorno do munic\u00edpio.<\/p>\n<p>\u201cEsta obra vem se arrastando desde 2014, mas, agora, com planejamento, finalmente est\u00e1 se tornando realidade. S\u00e3o 29 quil\u00f4metros de terra que v\u00e3o se transformar em asfalto. Isso vai facilitar a vida de quem trabalha aqui, principalmente com reflorestamento, e tamb\u00e9m melhorar muito a vida de quem mora na comunidade de Rancho Novo\u201d, destacou.<\/p>\n<p>No momento em que for conclu\u00edda, a rodovia tamb\u00e9m servir\u00e1 como rota alternativa para quem circula pela BR-381, j\u00e1 que o trecho da rodovia federal entre Caet\u00e9 e Belo Horizonte ainda n\u00e3o foi duplicado.<\/p>\n<p>Outro reflexo positivo ser\u00e1 o incentivo ao turismo religioso, ecol\u00f3gico e hist\u00f3rico, uma vez que o trecho faz parte do circuito Estrada Real e vai facilitar o acesso ao Santu\u00e1rio Bas\u00edlica Nossa Senhora da Piedade e ao Santu\u00e1rio do Cara\u00e7a.<\/p>\n<p>De acordo com o diretor-geral do DER-MG, Robson Santana, at\u00e9 o final de 2022 as obras devem atingir o maior n\u00edvel de avan\u00e7o f\u00edsico, desde quando foram retomadas, em agosto do ano passado.<\/p>\n<p>\u201cTemos o recurso garantido e a expectativa \u00e9 entregar 20 quil\u00f4metros pavimentados at\u00e9 o final do ano. Agora que passou o per\u00edodo chuvoso, a obra deve seguir em ritmo acelerado, visto que a empresa est\u00e1 totalmente mobilizada\u201d, concluiu.<\/p>\n<p><strong>Provias\u00a0<\/strong><\/p>\n<p>Lan\u00e7ado em 4\/4 pelo\u00a0<a href=\"http:\/\/www.mg.gov.br\/\" target=\"_blank\" rel=\"noopener\">Governo de Minas<\/a>, o Provias contar\u00e1 com R$ 2 bilh\u00f5es que ser\u00e3o investidos em 99 interven\u00e7\u00f5es em rodovias de todas as regi\u00f5es do estado.<\/p>\n<p>Na RMBH, al\u00e9m das interven\u00e7\u00f5es entre Caet\u00e9 e Bar\u00e3o de Cocais, est\u00e3o previstas outras 19 obras, que juntas somam mais de 281 quil\u00f4metros e investimentos da ordem de R$ 402 milh\u00f5es.<\/p>\n<p>Os recursos para as obras foram obtidos a partir\u00a0do\u00a0<a href=\"https:\/\/www.agenciaminas.mg.gov.br\/noticia\/poder-publico-garante-inicio-imediato-de-medidas-de-reparacao-dos-danos-causados-por-rompimento-de-barragem-em-brumadinho\" target=\"_blank\" rel=\"noopener\">Acordo Judicial<\/a>\u00a0firmado\u00a0em decorr\u00eancia do rompimento da barragem de Brumadinho, do Termo de Transa\u00e7\u00e3o e de Ajustamento de Conduta (TTAC) firmado entre o Governo de Minas e a Funda\u00e7\u00e3o Renova, al\u00e9m de conv\u00eanios e emendas parlamentares estaduais e federais, parcerias com empresas e conv\u00eanios com prefeituras.<\/p>\n<p>O Acordo Judicial &#8211; assinado pelo Governo do Estado, Minist\u00e9rio P\u00fablico de Minas Gerais (MPMG), Minist\u00e9rio P\u00fablico Federal (MPF) e Defensoria P\u00fablica de Minas Gerais (DPMG) com a Vale &#8211;\u00a0visa reparar danos decorrentes do rompimento das barragens da Vale S.A. em Brumadinho, que tirou a vida de 272 pessoas e gerou uma s\u00e9rie de impactos sociais, ambientais e econ\u00f4micos na bacia do Rio Paraopeba e em todo o estado de Minas Gerais.<\/p>\n<p>Fonte: Ag\u00eancia Minas<\/p>\n","protected":false},"excerpt":{"rendered":"<p>O governador Romeu Zema visitou, na manh\u00e3 desta ter\u00e7a-feira (19\/4), as obras de melhoramento e pavimenta\u00e7\u00e3o de um trecho de aproximadamente 25 quil\u00f4metros da MGC-262, entre Caet\u00e9 e Bar\u00e3o de Cocais, na Regi\u00e3o Metropolitana de Belo Horizonte (RMBH). At\u00e9 o momento, 20% dos servi\u00e7os j\u00e1 foram executados pelo\u00a0Departamento de Edifica\u00e7\u00f5es e Estradas de Rodagem\u00a0(DER-MG). As [&hellip;]<\/p>\n","protected":false},"author":246,"featured_media":197788,"comment_status":"closed","ping_status":"closed","sticky":false,"template":"","format":"standard","meta":{"footnotes":""},"categories":[436,254,439],"tags":[],"class_list":["post-197787","post","type-post","status-publish","format-standard","has-post-thumbnail","hentry","category-destaque-da-semana","category-politica","category-ultima-hora"],"_links":{"self":[{"href":"https:\/\/diarioregionaldigital.com.br\/index.php?rest_route=\/wp\/v2\/posts\/197787","targetHints":{"allow":["GET"]}}],"collection":[{"href":"https:\/\/diarioregionaldigital.com.br\/index.php?rest_route=\/wp\/v2\/posts"}],"about":[{"href":"https:\/\/diarioregionaldigital.com.br\/index.php?rest_route=\/wp\/v2\/types\/post"}],"author":[{"embeddable":true,"href":"https:\/\/diarioregionaldigital.com.br\/index.php?rest_route=\/wp\/v2\/users\/246"}],"replies":[{"embeddable":true,"href":"https:\/\/diarioregionaldigital.com.br\/index.php?rest_route=%2Fwp%2Fv2%2Fcomments&post=197787"}],"version-history":[{"count":1,"href":"https:\/\/diarioregionaldigital.com.br\/index.php?rest_route=\/wp\/v2\/posts\/197787\/revisions"}],"predecessor-version":[{"id":197789,"href":"https:\/\/diarioregionaldigital.com.br\/index.php?rest_route=\/wp\/v2\/posts\/197787\/revisions\/197789"}],"wp:featuredmedia":[{"embeddable":true,"href":"https:\/\/diarioregionaldigital.com.br\/index.php?rest_route=\/wp\/v2\/media\/197788"}],"wp:attachment":[{"href":"https:\/\/diarioregionaldigital.com.br\/index.php?rest_route=%2Fwp%2Fv2%2Fmedia&parent=197787"}],"wp:term":[{"taxonomy":"category","embeddable":true,"href":"https:\/\/diarioregionaldigital.com.br\/index.php?rest_route=%2Fwp%2Fv2%2Fcategories&post=197787"},{"taxonomy":"post_tag","embeddable":true,"href":"https:\/\/diarioregionaldigital.com.br\/index.php?rest_route=%2Fwp%2Fv2%2Ftags&post=197787"}],"curies":[{"name":"wp","href":"https:\/\/api.w.org\/{rel}","templated":true}]}}