{"id":197784,"date":"2022-04-19T18:29:30","date_gmt":"2022-04-19T21:29:30","guid":{"rendered":"https:\/\/diarioregionaldigital.com.br\/?p=197784"},"modified":"2022-04-19T18:29:30","modified_gmt":"2022-04-19T21:29:30","slug":"minas-ja-vacinou-100-da-populacao-indigena-com-mais-de-cinco-anos-que-vive-em-aldeias","status":"publish","type":"post","link":"https:\/\/diarioregionaldigital.com.br\/?p=197784","title":{"rendered":"Minas j\u00e1 vacinou 100% da popula\u00e7\u00e3o ind\u00edgena com mais de cinco anos que vive em aldeias"},"content":{"rendered":"<p>Nesta ter\u00e7a-feira (19\/4), data em que nacionalmente se comemora o Dia da Diversidade Ind\u00edgena, o\u00a0<a href=\"http:\/\/www.mg.gov.br\/\" target=\"_blank\" rel=\"noopener\">Governo de Minas<\/a>\u00a0destaca uma marca especial: as 11 etnias ind\u00edgenas que vivem aldeadas no estado, em terras localizadas em 20 munic\u00edpios, j\u00e1 receberam duas doses da vacina contra a covid-19, ou a dose \u00fanica (Janssen). Hoje, 100% dessa popula\u00e7\u00e3o de cinco anos de idade ou mais est\u00e1 com a cobertura vacinal completa. Agora, o esfor\u00e7o dos agentes de sa\u00fade \u00e9 finalizar a aplica\u00e7\u00e3o da dose de refor\u00e7o.<\/p>\n<p>Os dados s\u00e3o do OpenDataSUS, atualizados em 18\/4\/2022. O levantamento destaca que &#8220;todos os ind\u00edgenas vivendo em terras ind\u00edgenas j\u00e1 est\u00e3o com esquema vacinal completo&#8221;.<\/p>\n<p>A pesquisa tamb\u00e9m detalha que 30,88% dos povos ind\u00edgenas que vivem em terras ind\u00edgenas j\u00e1 foram contemplados com uma dose de refor\u00e7o da vacina.<\/p>\n<p>Priorizado na primeira fase do Plano Nacional de Imuniza\u00e7\u00e3o (PNI) do governo federal, a popula\u00e7\u00e3o ind\u00edgena de Minas come\u00e7ou a ser imunizada em janeiro de 2021.<\/p>\n<p>A coordenadora estadual do Programa de Imuniza\u00e7\u00f5es da\u00a0<a href=\"http:\/\/www.saude.mg.gov.br\/\" target=\"_blank\" rel=\"noopener\">Secretaria de Estado de Sa\u00fade (SES-MG)<\/a>, Josianne Dias Gusm\u00e3o, ressalta o esfor\u00e7o de toda a equipe para o alcance da meta de 100% na Campanha Nacional de Vacina\u00e7\u00e3o contra a covid-19 no estado de Minas Gerais, em refer\u00eancia \u00e0s crian\u00e7as, ind\u00edgenas e quilombolas.<\/p>\n<p>&#8220;A Secretaria de Estado de Sa\u00fade de Minas Gerais (SES-MG) disponibilizou doses de vacinas contra covid-19 para 100% das crian\u00e7as ind\u00edgenas de 5 a 11 anos que vivem nas aldeias e tamb\u00e9m para 100% das crian\u00e7as da mesma idade que vivem em comunidades quilombolas&#8221;.<\/p>\n<p><strong>A\u00e7\u00f5es<\/strong><\/p>\n<p>As a\u00e7\u00f5es para a garantia do cuidado integral e em sa\u00fade para a popula\u00e7\u00e3o ind\u00edgena \u00e9 uma das responsabilidades da Coordena\u00e7\u00e3o Estadual de Sa\u00fade Ind\u00edgena e Pol\u00edticas de Promo\u00e7\u00e3o da Equidade em Sa\u00fade da SES-MG.<\/p>\n<p>O objetivo \u00e9 garantir \u00e0 popula\u00e7\u00e3o ind\u00edgena aldeada no estado acesso ao servi\u00e7o de sa\u00fade com qualidade e, ao mesmo tempo, valorizar suas tradi\u00e7\u00f5es e costumes.<\/p>\n<p>S\u00e3o iniciativas da Coordena\u00e7\u00e3o Estadual fomentar a cria\u00e7\u00e3o de grupos condutores municipais nas regi\u00f5es em que h\u00e1 aldeias, al\u00e9m de apoiar as cidades com recurso financeiro destinado \u00e0 complementa\u00e7\u00e3o das a\u00e7\u00f5es de aten\u00e7\u00e3o prim\u00e1ria \u00e0 sa\u00fade e a\u00e7\u00f5es de sa\u00fade espec\u00edficas para a popula\u00e7\u00e3o ind\u00edgena que vive em aldeias em Minas.<\/p>\n<p>At\u00e9 agora, 400 profissionais de Sa\u00fade Ind\u00edgena em Minas Gerais atuaram na campanha de vacina\u00e7\u00e3o contra a covid-19.<\/p>\n<p><strong>Povos ind\u00edgenas no estado<\/strong><\/p>\n<p>As etnias ind\u00edgenas que vivem no estado s\u00e3o Patax\u00f3, Patax\u00f3 H\u00e3 H\u00e3 H\u00e3e, Pankarar\u00fa, Xukuru Kariri, Kiriri, Maxakali, Mokuri\u00f1, Kaxix\u00f3, Krenak, Tux\u00e1 e Xakriab\u00e1. Elas est\u00e3o localizadas em 20 munic\u00edpios mineiros: A\u00e7ucena, Ara\u00e7ua\u00ed, Bert\u00f3polis, Buritizeiro, Caldas, Campan\u00e1rio, Carm\u00e9sia, Coronel Murta, Guanh\u00e3es, Itacarambi, Itapecerica, Ladainha, Martinho Campos, Resplendor, Santa Helena de Minas, S\u00e3o Jo\u00e3o das Miss\u00f5es, Te\u00f3filo Otoni, S\u00e3o Joaquim de Bicas, Presidente Oleg\u00e1rio e Esmeraldas.<\/p>\n<p>A Coordena\u00e7\u00e3o Estadual conta com o Grupo Condutor Estadual, formado por lideran\u00e7as ind\u00edgenas, representantes da Funda\u00e7\u00e3o Nacional do \u00cdndio (Funai), representantes do Distrito Sanit\u00e1rio Especial Ind\u00edgena, do Conselho Estadual de Secret\u00e1rios Municipais de Sa\u00fade de Minas Gerais (Cosems-MG), secretarias municipais de sa\u00fade, regionais de sa\u00fade e conselho estadual, que atuam em prol dos direitos da popula\u00e7\u00e3o ind\u00edgena do estado.<\/p>\n<p>Fonte: Ag\u00eancia Minas<\/p>\n","protected":false},"excerpt":{"rendered":"<p>Nesta ter\u00e7a-feira (19\/4), data em que nacionalmente se comemora o Dia da Diversidade Ind\u00edgena, o\u00a0Governo de Minas\u00a0destaca uma marca especial: as 11 etnias ind\u00edgenas que vivem aldeadas no estado, em terras localizadas em 20 munic\u00edpios, j\u00e1 receberam duas doses da vacina contra a covid-19, ou a dose \u00fanica (Janssen). Hoje, 100% dessa popula\u00e7\u00e3o de cinco [&hellip;]<\/p>\n","protected":false},"author":246,"featured_media":197785,"comment_status":"closed","ping_status":"closed","sticky":false,"template":"","format":"standard","meta":{"footnotes":""},"categories":[436,254,439],"tags":[],"class_list":["post-197784","post","type-post","status-publish","format-standard","has-post-thumbnail","hentry","category-destaque-da-semana","category-politica","category-ultima-hora"],"_links":{"self":[{"href":"https:\/\/diarioregionaldigital.com.br\/index.php?rest_route=\/wp\/v2\/posts\/197784","targetHints":{"allow":["GET"]}}],"collection":[{"href":"https:\/\/diarioregionaldigital.com.br\/index.php?rest_route=\/wp\/v2\/posts"}],"about":[{"href":"https:\/\/diarioregionaldigital.com.br\/index.php?rest_route=\/wp\/v2\/types\/post"}],"author":[{"embeddable":true,"href":"https:\/\/diarioregionaldigital.com.br\/index.php?rest_route=\/wp\/v2\/users\/246"}],"replies":[{"embeddable":true,"href":"https:\/\/diarioregionaldigital.com.br\/index.php?rest_route=%2Fwp%2Fv2%2Fcomments&post=197784"}],"version-history":[{"count":1,"href":"https:\/\/diarioregionaldigital.com.br\/index.php?rest_route=\/wp\/v2\/posts\/197784\/revisions"}],"predecessor-version":[{"id":197786,"href":"https:\/\/diarioregionaldigital.com.br\/index.php?rest_route=\/wp\/v2\/posts\/197784\/revisions\/197786"}],"wp:featuredmedia":[{"embeddable":true,"href":"https:\/\/diarioregionaldigital.com.br\/index.php?rest_route=\/wp\/v2\/media\/197785"}],"wp:attachment":[{"href":"https:\/\/diarioregionaldigital.com.br\/index.php?rest_route=%2Fwp%2Fv2%2Fmedia&parent=197784"}],"wp:term":[{"taxonomy":"category","embeddable":true,"href":"https:\/\/diarioregionaldigital.com.br\/index.php?rest_route=%2Fwp%2Fv2%2Fcategories&post=197784"},{"taxonomy":"post_tag","embeddable":true,"href":"https:\/\/diarioregionaldigital.com.br\/index.php?rest_route=%2Fwp%2Fv2%2Ftags&post=197784"}],"curies":[{"name":"wp","href":"https:\/\/api.w.org\/{rel}","templated":true}]}}