{"id":197775,"date":"2022-04-19T18:14:45","date_gmt":"2022-04-19T21:14:45","guid":{"rendered":"https:\/\/diarioregionaldigital.com.br\/?p=197775"},"modified":"2022-04-19T18:14:45","modified_gmt":"2022-04-19T21:14:45","slug":"servidores-terao-ponto-facultativo-no-dia-22-de-abril","status":"publish","type":"post","link":"https:\/\/diarioregionaldigital.com.br\/?p=197775","title":{"rendered":"Servidores ter\u00e3o ponto facultativo no dia 22 de abril"},"content":{"rendered":"<p>Portaria do Minist\u00e9rio da Economia, publicada no\u00a0<a href=\"https:\/\/in.gov.br\/en\/web\/dou\/-\/portaria-me-n-3.413-de-18-de-abril-de-2022-394165228\" target=\"_blank\" rel=\"noopener\"><em>Di\u00e1rio Oficial da Uni\u00e3o<\/em><\/a><em>\u00a0<\/em>de\u00a0<span id=\"OBJ_PREFIX_DWT169_com_zimbra_date\" role=\"link\">hoje<\/span>\u00a0(19), inclui, no calend\u00e1rio dos dias considerados como ponto facultativo para servidores p\u00fablicos, o 22 de abril, sexta-feira pr\u00f3xima. Assim, ser\u00e1 poss\u00edvel para a categoria prolongar o feriado que \u00e9 no dia anterior (<span id=\"OBJ_PREFIX_DWT171_com_zimbra_date\" role=\"link\">21 de abril<\/span>), quando se comemora o Dia da Inconfid\u00eancia Mineira.<img decoding=\"async\" src=\"https:\/\/agenciabrasil.ebc.com.br\/ebc.png?id=1454768&amp;o=node\" \/><img decoding=\"async\" src=\"https:\/\/agenciabrasil.ebc.com.br\/ebc.gif?id=1454768&amp;o=node\" \/><\/p>\n<p>Para possibilitar a prolongamento do feriado, a Portaria n\u00ba3.413 alterou a portaria n\u00ba14.817\/21, que divulga os dias de feriados nacionais e estabelece os dias de ponto facultativo no ano de 2022.<\/p>\n<h2>Crit\u00e9rios<\/h2>\n<p>S\u00e3o consideradas ponto facultativo datas pr\u00f3ximas a feriados estabelecidos pelo calend\u00e1rio oficial que poder\u00e3o, segundo crit\u00e9rios internos,\u00a0<span id=\"OBJ_PREFIX_DWT173_com_zimbra_date\" role=\"link\">ter<\/span>\u00a0ou n\u00e3o expediente.<\/p>\n<p>Conforme previsto na\u00a0<a href=\"https:\/\/www.in.gov.br\/en\/web\/dou\/-\/portaria-me-n-14.817-de-20-de-dezembro-de-2021-369345454\" target=\"_blank\" rel=\"noopener\">portaria alterada<\/a>, &#8220;caber\u00e1 aos dirigentes dos \u00f3rg\u00e3os e entidades a preserva\u00e7\u00e3o e o funcionamento dos servi\u00e7os essenciais afetos \u00e0s respectivas \u00e1reas de compet\u00eancia&#8221;.<\/p>\n<p>Fonte: Ag\u00eancia Brasil<\/p>\n","protected":false},"excerpt":{"rendered":"<p>Portaria do Minist\u00e9rio da Economia, publicada no\u00a0Di\u00e1rio Oficial da Uni\u00e3o\u00a0de\u00a0hoje\u00a0(19), inclui, no calend\u00e1rio dos dias considerados como ponto facultativo para servidores p\u00fablicos, o 22 de abril, sexta-feira pr\u00f3xima. Assim, ser\u00e1 poss\u00edvel para a categoria prolongar o feriado que \u00e9 no dia anterior (21 de abril), quando se comemora o Dia da Inconfid\u00eancia Mineira. Para possibilitar [&hellip;]<\/p>\n","protected":false},"author":246,"featured_media":197776,"comment_status":"closed","ping_status":"closed","sticky":false,"template":"","format":"standard","meta":{"footnotes":""},"categories":[436,261,439],"tags":[],"class_list":["post-197775","post","type-post","status-publish","format-standard","has-post-thumbnail","hentry","category-destaque-da-semana","category-economia","category-ultima-hora"],"_links":{"self":[{"href":"https:\/\/diarioregionaldigital.com.br\/index.php?rest_route=\/wp\/v2\/posts\/197775","targetHints":{"allow":["GET"]}}],"collection":[{"href":"https:\/\/diarioregionaldigital.com.br\/index.php?rest_route=\/wp\/v2\/posts"}],"about":[{"href":"https:\/\/diarioregionaldigital.com.br\/index.php?rest_route=\/wp\/v2\/types\/post"}],"author":[{"embeddable":true,"href":"https:\/\/diarioregionaldigital.com.br\/index.php?rest_route=\/wp\/v2\/users\/246"}],"replies":[{"embeddable":true,"href":"https:\/\/diarioregionaldigital.com.br\/index.php?rest_route=%2Fwp%2Fv2%2Fcomments&post=197775"}],"version-history":[{"count":1,"href":"https:\/\/diarioregionaldigital.com.br\/index.php?rest_route=\/wp\/v2\/posts\/197775\/revisions"}],"predecessor-version":[{"id":197777,"href":"https:\/\/diarioregionaldigital.com.br\/index.php?rest_route=\/wp\/v2\/posts\/197775\/revisions\/197777"}],"wp:featuredmedia":[{"embeddable":true,"href":"https:\/\/diarioregionaldigital.com.br\/index.php?rest_route=\/wp\/v2\/media\/197776"}],"wp:attachment":[{"href":"https:\/\/diarioregionaldigital.com.br\/index.php?rest_route=%2Fwp%2Fv2%2Fmedia&parent=197775"}],"wp:term":[{"taxonomy":"category","embeddable":true,"href":"https:\/\/diarioregionaldigital.com.br\/index.php?rest_route=%2Fwp%2Fv2%2Fcategories&post=197775"},{"taxonomy":"post_tag","embeddable":true,"href":"https:\/\/diarioregionaldigital.com.br\/index.php?rest_route=%2Fwp%2Fv2%2Ftags&post=197775"}],"curies":[{"name":"wp","href":"https:\/\/api.w.org\/{rel}","templated":true}]}}