{"id":197772,"date":"2022-04-19T18:13:08","date_gmt":"2022-04-19T21:13:08","guid":{"rendered":"https:\/\/diarioregionaldigital.com.br\/?p=197772"},"modified":"2022-04-19T18:13:08","modified_gmt":"2022-04-19T21:13:08","slug":"intencao-de-consumo-das-familias-cresce-pelo-quarto-mes","status":"publish","type":"post","link":"https:\/\/diarioregionaldigital.com.br\/?p=197772","title":{"rendered":"Inten\u00e7\u00e3o de Consumo das Fam\u00edlias cresce pelo quarto m\u00eas"},"content":{"rendered":"<p>A Inten\u00e7\u00e3o de Consumo das Fam\u00edlias (ICF), medida pela Confedera\u00e7\u00e3o Nacional do Com\u00e9rcio de Bens, Servi\u00e7os e Turismo (CNC), cresceu 2,7% na passagem de mar\u00e7o para abril. Foi a quarta alta consecutiva do indicador, que atingiu 78,5 pontos em uma escala de 0 a 200 pontos, o maior n\u00edvel desde maio de 2020 (81,7 pontos).<img decoding=\"async\" src=\"https:\/\/agenciabrasil.ebc.com.br\/ebc.png?id=1454837&amp;o=node\" \/><img decoding=\"async\" src=\"https:\/\/agenciabrasil.ebc.com.br\/ebc.gif?id=1454837&amp;o=node\" \/><\/p>\n<p>O indicador ainda continua abaixo do n\u00edvel de satisfa\u00e7\u00e3o (100 pontos), o que acontece desde abril de 2015. Na compara\u00e7\u00e3o com abril de 2021, houve uma alta de 11,1%, de acordo com a CNC.<\/p>\n<h2>Destaques<\/h2>\n<p>Na compara\u00e7\u00e3o com mar\u00e7o deste ano, todos os sete componentes da ICF tiveram alta. Os destaques ficaram com perspectiva profissional (5,7%), renda atual (3,4%) e momento para a compra de bens dur\u00e1veis (3,3%). Com um crescimento de 2,8%, emprego atual atingiu a maior pontua\u00e7\u00e3o (103,9) entre os componentes e foi o \u00fanico acima do n\u00edvel de satisfa\u00e7\u00e3o.<\/p>\n<p>Na compara\u00e7\u00e3o com abril de 2021, cinco componentes tiveram alta, com destaque para perspectiva de consumo (20,1%), emprego atual (16,9%) e n\u00edvel de consumo atual (16,6%). Dois componentes tiveram queda: momento para a compra de bens dur\u00e1veis (-4,3%) e acesso ao cr\u00e9dito (-2,1%).<\/p>\n<p>Fonte: Ag\u00eancia Brasil<\/p>\n","protected":false},"excerpt":{"rendered":"<p>A Inten\u00e7\u00e3o de Consumo das Fam\u00edlias (ICF), medida pela Confedera\u00e7\u00e3o Nacional do Com\u00e9rcio de Bens, Servi\u00e7os e Turismo (CNC), cresceu 2,7% na passagem de mar\u00e7o para abril. Foi a quarta alta consecutiva do indicador, que atingiu 78,5 pontos em uma escala de 0 a 200 pontos, o maior n\u00edvel desde maio de 2020 (81,7 pontos). [&hellip;]<\/p>\n","protected":false},"author":246,"featured_media":197773,"comment_status":"closed","ping_status":"closed","sticky":false,"template":"","format":"standard","meta":{"footnotes":""},"categories":[436,261,439],"tags":[],"class_list":["post-197772","post","type-post","status-publish","format-standard","has-post-thumbnail","hentry","category-destaque-da-semana","category-economia","category-ultima-hora"],"_links":{"self":[{"href":"https:\/\/diarioregionaldigital.com.br\/index.php?rest_route=\/wp\/v2\/posts\/197772","targetHints":{"allow":["GET"]}}],"collection":[{"href":"https:\/\/diarioregionaldigital.com.br\/index.php?rest_route=\/wp\/v2\/posts"}],"about":[{"href":"https:\/\/diarioregionaldigital.com.br\/index.php?rest_route=\/wp\/v2\/types\/post"}],"author":[{"embeddable":true,"href":"https:\/\/diarioregionaldigital.com.br\/index.php?rest_route=\/wp\/v2\/users\/246"}],"replies":[{"embeddable":true,"href":"https:\/\/diarioregionaldigital.com.br\/index.php?rest_route=%2Fwp%2Fv2%2Fcomments&post=197772"}],"version-history":[{"count":1,"href":"https:\/\/diarioregionaldigital.com.br\/index.php?rest_route=\/wp\/v2\/posts\/197772\/revisions"}],"predecessor-version":[{"id":197774,"href":"https:\/\/diarioregionaldigital.com.br\/index.php?rest_route=\/wp\/v2\/posts\/197772\/revisions\/197774"}],"wp:featuredmedia":[{"embeddable":true,"href":"https:\/\/diarioregionaldigital.com.br\/index.php?rest_route=\/wp\/v2\/media\/197773"}],"wp:attachment":[{"href":"https:\/\/diarioregionaldigital.com.br\/index.php?rest_route=%2Fwp%2Fv2%2Fmedia&parent=197772"}],"wp:term":[{"taxonomy":"category","embeddable":true,"href":"https:\/\/diarioregionaldigital.com.br\/index.php?rest_route=%2Fwp%2Fv2%2Fcategories&post=197772"},{"taxonomy":"post_tag","embeddable":true,"href":"https:\/\/diarioregionaldigital.com.br\/index.php?rest_route=%2Fwp%2Fv2%2Ftags&post=197772"}],"curies":[{"name":"wp","href":"https:\/\/api.w.org\/{rel}","templated":true}]}}