{"id":197769,"date":"2022-04-19T18:11:20","date_gmt":"2022-04-19T21:11:20","guid":{"rendered":"https:\/\/diarioregionaldigital.com.br\/?p=197769"},"modified":"2022-04-19T18:11:20","modified_gmt":"2022-04-19T21:11:20","slug":"producao-industrial-sobe-em-marco-mas-queda-no-consumo-preocupa","status":"publish","type":"post","link":"https:\/\/diarioregionaldigital.com.br\/?p=197769","title":{"rendered":"Produ\u00e7\u00e3o industrial sobe em mar\u00e7o, mas queda no consumo preocupa"},"content":{"rendered":"<p>A Confedera\u00e7\u00e3o Nacional da Ind\u00fastria (CNI) divulgou hoje (19) os resultados da sondagem industrial do primeiro trimestre. A entidade destacou o crescimento forte da produ\u00e7\u00e3o industrial entre fevereiro e mar\u00e7o, mas tamb\u00e9m o aumento da preocupa\u00e7\u00e3o dos empres\u00e1rios com a queda no consumo.<img decoding=\"async\" src=\"https:\/\/agenciabrasil.ebc.com.br\/ebc.png?id=1454907&amp;o=node\" \/><img decoding=\"async\" src=\"https:\/\/agenciabrasil.ebc.com.br\/ebc.gif?id=1454907&amp;o=node\" \/><\/p>\n<p>Em mar\u00e7o, a produ\u00e7\u00e3o industrial subiu para 54,4 pontos, resultado que est\u00e1 acima da linha divis\u00f3ria entre queda e crescimento. O \u00edndice n\u00e3o ficava acima dos 50 pontos desde dezembro.<\/p>\n<p>O movimento \u00e9 normal para o primeiro trimestre, mas a CNI destacou que a retomada deste ano, de 47,9 em fevereiro para 54,4 em mar\u00e7o, \u201csupera a acelera\u00e7\u00e3o esperada no per\u00edodo\u201d. A m\u00e9dia da s\u00e9rie hist\u00f3rica para o m\u00eas de mar\u00e7o \u00e9 de 51 pontos.<\/p>\n<p>O emprego industrial, por sua vez, manteve-se praticamente est\u00e1vel, em 50,1 pontos. Em fevereiro, o \u00edndice que mede a evolu\u00e7\u00e3o da oferta de trabalho na ind\u00fastria havia ficado em 49,2 pontos, o que significa queda no n\u00famero de vagas ofertadas. Em mar\u00e7o ano passado, o patamar estava nos mesmos 50,1 pontos.<\/p>\n<p>A Utiliza\u00e7\u00e3o da Capacidade Instalada (UCI) aumentou 1 ponto percentual, para 69%, de fevereiro para mar\u00e7o de 2022. O resultado est\u00e1 2 pontos percentuais acima da m\u00e9dia dos meses de mar\u00e7o. O percentual vem em trajet\u00f3ria de crescimento desde janeiro de deste ano.<\/p>\n<h2>Principais problemas<\/h2>\n<p>A sondagem industrial mede tamb\u00e9m quais s\u00e3o os principais problemas enfrentados pela ind\u00fastria, de acordo com o empresariado. Com 58,8% das men\u00e7\u00f5es, a falta ou o alto custo de mat\u00e9ria-prima permanece h\u00e1 sete trimestres como principal preocupa\u00e7\u00e3o.<\/p>\n<p>Entretanto, a escassez de insumos vem perdendo for\u00e7a como principal preocupa\u00e7\u00e3o da ind\u00fastria, frisou a CNI. As men\u00e7\u00f5es ao problema ca\u00edram 1,8 ponto percentual na \u00faltima passagem de trimestre, e recuou 8,4 pontos percentuais frente a mar\u00e7o do ano passado.<\/p>\n<p>Enquanto isso, cresce a preocupa\u00e7\u00e3o com a queda no consumo, que no primeiro trimestre deste ano figurou em 25,5% das respostas dos empres\u00e1rios. No segundo trimestre de 2021, esse problema aparecia em 19,4% das men\u00e7\u00f5es.<\/p>\n<p>O gerente de An\u00e1lise Econ\u00f4mica, Marcelo Azevedo, explica que, isoladamente, o percentual n\u00e3o parece ser t\u00e3o alto, mas a alta nas men\u00e7\u00f5es ao problema indica haver uma demanda insuficiente no momento em que a oferta come\u00e7a a se ajustar. Para o economista, \u201co problema de demanda fica mais evidente. \u00c9 realmente uma situa\u00e7\u00e3o muito complicada\u201d.<\/p>\n<p>H\u00e1 quatro trimestres cresce tamb\u00e9m a preocupa\u00e7\u00e3o da ind\u00fastria com a alta nas taxas de juros. Entre os dois \u00faltimos trimestres, o problema passou de 14,2% para 20,8% das men\u00e7\u00f5es, a alta mais expressiva da sondagem. No fim do ano passado, apenas 7,6% consideravam os juros um obst\u00e1culo ao seu neg\u00f3cio, segundo a CNI.<\/p>\n<p>Men\u00e7\u00f5es a dificuldades na log\u00edstica de transporte ficaram com 13,8%das respostas, ante 11,8% no trimestre anterior. Esse \u00e9 o terceiro trimestre seguido de alta. O segundo problema mais mencionado segue sendo a alta carga tribut\u00e1ria, com 30,4% das repostas, queda em rela\u00e7\u00e3o aos 33,2% registrados no trimestre anterior.<\/p>\n<p>Fonte: Ag\u00eancia Brasil<\/p>\n","protected":false},"excerpt":{"rendered":"<p>A Confedera\u00e7\u00e3o Nacional da Ind\u00fastria (CNI) divulgou hoje (19) os resultados da sondagem industrial do primeiro trimestre. A entidade destacou o crescimento forte da produ\u00e7\u00e3o industrial entre fevereiro e mar\u00e7o, mas tamb\u00e9m o aumento da preocupa\u00e7\u00e3o dos empres\u00e1rios com a queda no consumo. Em mar\u00e7o, a produ\u00e7\u00e3o industrial subiu para 54,4 pontos, resultado que est\u00e1 [&hellip;]<\/p>\n","protected":false},"author":246,"featured_media":197770,"comment_status":"closed","ping_status":"closed","sticky":false,"template":"","format":"standard","meta":{"footnotes":""},"categories":[436,440,261,439],"tags":[],"class_list":["post-197769","post","type-post","status-publish","format-standard","has-post-thumbnail","hentry","category-destaque-da-semana","category-destaques-do-dia","category-economia","category-ultima-hora"],"_links":{"self":[{"href":"https:\/\/diarioregionaldigital.com.br\/index.php?rest_route=\/wp\/v2\/posts\/197769","targetHints":{"allow":["GET"]}}],"collection":[{"href":"https:\/\/diarioregionaldigital.com.br\/index.php?rest_route=\/wp\/v2\/posts"}],"about":[{"href":"https:\/\/diarioregionaldigital.com.br\/index.php?rest_route=\/wp\/v2\/types\/post"}],"author":[{"embeddable":true,"href":"https:\/\/diarioregionaldigital.com.br\/index.php?rest_route=\/wp\/v2\/users\/246"}],"replies":[{"embeddable":true,"href":"https:\/\/diarioregionaldigital.com.br\/index.php?rest_route=%2Fwp%2Fv2%2Fcomments&post=197769"}],"version-history":[{"count":1,"href":"https:\/\/diarioregionaldigital.com.br\/index.php?rest_route=\/wp\/v2\/posts\/197769\/revisions"}],"predecessor-version":[{"id":197771,"href":"https:\/\/diarioregionaldigital.com.br\/index.php?rest_route=\/wp\/v2\/posts\/197769\/revisions\/197771"}],"wp:featuredmedia":[{"embeddable":true,"href":"https:\/\/diarioregionaldigital.com.br\/index.php?rest_route=\/wp\/v2\/media\/197770"}],"wp:attachment":[{"href":"https:\/\/diarioregionaldigital.com.br\/index.php?rest_route=%2Fwp%2Fv2%2Fmedia&parent=197769"}],"wp:term":[{"taxonomy":"category","embeddable":true,"href":"https:\/\/diarioregionaldigital.com.br\/index.php?rest_route=%2Fwp%2Fv2%2Fcategories&post=197769"},{"taxonomy":"post_tag","embeddable":true,"href":"https:\/\/diarioregionaldigital.com.br\/index.php?rest_route=%2Fwp%2Fv2%2Ftags&post=197769"}],"curies":[{"name":"wp","href":"https:\/\/api.w.org\/{rel}","templated":true}]}}