{"id":197712,"date":"2022-04-18T19:34:13","date_gmt":"2022-04-18T22:34:13","guid":{"rendered":"https:\/\/diarioregionaldigital.com.br\/?p=197712"},"modified":"2022-04-18T19:34:13","modified_gmt":"2022-04-18T22:34:13","slug":"reducao-da-taxa-de-energia-vai-favorecer-pequenos-negocios-diz-sebrae","status":"publish","type":"post","link":"https:\/\/diarioregionaldigital.com.br\/?p=197712","title":{"rendered":"Redu\u00e7\u00e3o da taxa de energia vai favorecer pequenos neg\u00f3cios, diz Sebrae"},"content":{"rendered":"<p>A not\u00edcia de que a taxa extra aplicada \u00e0s contas de luz ficar\u00e1 na cor verde at\u00e9 o fim do ano, sem cobran\u00e7a adicional para os consumidores favorecer\u00e1 os pequenos neg\u00f3cios, disse hoje (18) a analista do Servi\u00e7o de Apoio \u00e0s Micro e Pequenas Empresas do Estado do Rio de Janeiro (Sebrae Rio), Aline Barreto. A informa\u00e7\u00e3o sobre a perman\u00eancia da bandeira verde foi divulgada pelo Operador Nacional do Sistema El\u00e9trico (ONS) na semana passada.<img decoding=\"async\" src=\"https:\/\/agenciabrasil.ebc.com.br\/ebc.png?id=1454648&amp;o=node\" \/><img decoding=\"async\" src=\"https:\/\/agenciabrasil.ebc.com.br\/ebc.gif?id=1454648&amp;o=node\" \/><\/p>\n<p>Segundo Aline,\u00a0 os pequenos neg\u00f3cios foram muito afetados pela pandemia de covid-19. \u201cCom o aumento da energia el\u00e9trica, os empreendedores precisaram avaliar se valia a pena repassar o aumento para o consumidor. Essa medida trar\u00e1 al\u00edvio para quem empreende\u201d, afirmou a analista do Sebrae..<\/p>\n<p>Pesquisa feita pelo Sebrae nacional em dezembro do ano passado, com 6.883 empreendedores de todos os estados e do Distrito Federal, composta por 59% de microempreendedores individuais (MEI), 36% de microempresas (ME), 5% de empresas de pequeno porte (EPP), e focada no momento que os pequenos neg\u00f3cios atravessam, constatou que a grande maioria dos empreendedores nacionais tomou medidas para diminui\u00e7\u00e3o dos custos com energia el\u00e9trica.<\/p>\n<p>Entre os respons\u00e1veis por pequenos neg\u00f3cios entrevistados na pesquisa, 24% evitam usar energia no hor\u00e1rio de pico, 4% instalaram pain\u00e9is solares, 9% trocaram equipamentos antigos por outros mais modernos, 9% inspecionaram a qualidade das instala\u00e7\u00f5es el\u00e9tricas da empresa, 38% orientaram seus colaboradores sobre a import\u00e2ncia de gastar menos energia e 31% n\u00e3o tomaram nenhuma medida.<\/p>\n<p>No estado do Rio de Janeiro, onde se encontram 534 empreendedores do total de 6.883 consultados pelo Sebrae, 29% dos pequenos neg\u00f3cios evitaram usar energia no hor\u00e1rio de pico nos \u00faltimos meses, 2% instalaram pain\u00e9is solares, 8% trocaram equipamentos antigos por modelos mais modernos, 9% inspecionaram a qualidade das instala\u00e7\u00f5es el\u00e9tricas da empresa, 36% orientaram seus colaboradores sobre a import\u00e2ncia de gastar menos energia e 31% n\u00e3o tomaram nenhuma medida.<\/p>\n<h2>Dicas<\/h2>\n<p>O Sebrae Rio orienta os pequenos empreendedores a investir em aparelhos el\u00e9tricos econ\u00f4micos com selo Procel, que categoriza produtos de A a G; substituir equipamentos antigos, fazer revis\u00e3o nos aparelhos e desligar os que n\u00e3o est\u00e3o sendo usados; apostar em ilumina\u00e7\u00e3o natural ou solar; conscientizar funcion\u00e1rios sobre a necessidade de economizar; evitar ligar muitos aparelhos na mesma tomada; observar o hor\u00e1rio de uso destes; investir em isolamento t\u00e9rmico; trocar l\u00e2mpadas por modelos mais econ\u00f4micos; buscar orienta\u00e7\u00e3o especializada e investir em fontes renov\u00e1veis de energia.<\/p>\n<p>De acordo com o levantamento do Sebrae nacional, os empreendedores acreditam que a economia s\u00f3 voltar\u00e1 ao normal em 16 meses, ou seja, em abril de 2023.<\/p>\n<p>Conforme a pesquisa, o momento vivido pelos pequenos neg\u00f3cios \u00e9 refletido nos seguintes percentuais: 31% est\u00e3o funcionando como funcionavam antes da crise; 55% passaram por mudan\u00e7as por causa da crise; 9% tiveram o funcionamento interrompido temporariamente e 5% fecharam de vez.<\/p>\n<p>Fonte: Ag\u00eancia Brasil<\/p>\n","protected":false},"excerpt":{"rendered":"<p>A not\u00edcia de que a taxa extra aplicada \u00e0s contas de luz ficar\u00e1 na cor verde at\u00e9 o fim do ano, sem cobran\u00e7a adicional para os consumidores favorecer\u00e1 os pequenos neg\u00f3cios, disse hoje (18) a analista do Servi\u00e7o de Apoio \u00e0s Micro e Pequenas Empresas do Estado do Rio de Janeiro (Sebrae Rio), Aline Barreto. [&hellip;]<\/p>\n","protected":false},"author":246,"featured_media":197713,"comment_status":"closed","ping_status":"closed","sticky":false,"template":"","format":"standard","meta":{"footnotes":""},"categories":[436,261,439],"tags":[],"class_list":["post-197712","post","type-post","status-publish","format-standard","has-post-thumbnail","hentry","category-destaque-da-semana","category-economia","category-ultima-hora"],"_links":{"self":[{"href":"https:\/\/diarioregionaldigital.com.br\/index.php?rest_route=\/wp\/v2\/posts\/197712","targetHints":{"allow":["GET"]}}],"collection":[{"href":"https:\/\/diarioregionaldigital.com.br\/index.php?rest_route=\/wp\/v2\/posts"}],"about":[{"href":"https:\/\/diarioregionaldigital.com.br\/index.php?rest_route=\/wp\/v2\/types\/post"}],"author":[{"embeddable":true,"href":"https:\/\/diarioregionaldigital.com.br\/index.php?rest_route=\/wp\/v2\/users\/246"}],"replies":[{"embeddable":true,"href":"https:\/\/diarioregionaldigital.com.br\/index.php?rest_route=%2Fwp%2Fv2%2Fcomments&post=197712"}],"version-history":[{"count":1,"href":"https:\/\/diarioregionaldigital.com.br\/index.php?rest_route=\/wp\/v2\/posts\/197712\/revisions"}],"predecessor-version":[{"id":197714,"href":"https:\/\/diarioregionaldigital.com.br\/index.php?rest_route=\/wp\/v2\/posts\/197712\/revisions\/197714"}],"wp:featuredmedia":[{"embeddable":true,"href":"https:\/\/diarioregionaldigital.com.br\/index.php?rest_route=\/wp\/v2\/media\/197713"}],"wp:attachment":[{"href":"https:\/\/diarioregionaldigital.com.br\/index.php?rest_route=%2Fwp%2Fv2%2Fmedia&parent=197712"}],"wp:term":[{"taxonomy":"category","embeddable":true,"href":"https:\/\/diarioregionaldigital.com.br\/index.php?rest_route=%2Fwp%2Fv2%2Fcategories&post=197712"},{"taxonomy":"post_tag","embeddable":true,"href":"https:\/\/diarioregionaldigital.com.br\/index.php?rest_route=%2Fwp%2Fv2%2Ftags&post=197712"}],"curies":[{"name":"wp","href":"https:\/\/api.w.org\/{rel}","templated":true}]}}