{"id":197697,"date":"2022-04-15T02:09:54","date_gmt":"2022-04-15T05:09:54","guid":{"rendered":"https:\/\/diarioregionaldigital.com.br\/?p=197697"},"modified":"2022-04-15T02:09:54","modified_gmt":"2022-04-15T05:09:54","slug":"paixao-de-cristo-amor-por-nos","status":"publish","type":"post","link":"https:\/\/diarioregionaldigital.com.br\/?p=197697","title":{"rendered":"Paix\u00e3o de Cristo, Amor por n\u00f3s"},"content":{"rendered":"<p>Nos momentos que precederam a crucifica\u00e7\u00e3o, Jesus levou alguns de seus disc\u00edpulos ao Monte das Oliveiras para orar no Jardim de Gets\u00eamani.<\/p>\n<p>Cristo j\u00e1 sabia do sofrimento que haveria de enfrentar e orou t\u00e3o intensamente que transpirou gotas de sangue: \u201cE, posto em agonia, orava mais intensamente. E o seu suor tornou-se como grandes gotas de sangue, que corriam at\u00e9 ao ch\u00e3o\u201d (Lucas 22: 44).<\/p>\n<p>Ele estava angustiado pela imagem da Cruz, afinal, mesmo sendo parte de Deus, aqui na Terra, era um ser humano sujeito a tudo o que qualquer outro est\u00e1 sujeito, fome, frio, cansa\u00e7o, e, sobretudo, dor.<\/p>\n<p>Naquela ora\u00e7\u00e3o Cristo disse: \u201cPai, se queres, passa de mim este c\u00e1lice; todavia, n\u00e3o se fa\u00e7a a minha vontade, mas a tua\u201d (Lucas 22: 42).<\/p>\n<p>Jamais saberemos quais revela\u00e7\u00f5es passaram pela mente de Jesus no intervalo que sucedeu o ponto e v\u00edrgula que p\u00f5e pausa \u00e0 sua s\u00faplica \u201cpassa de mim este c\u00e1lice;\u201d.<\/p>\n<p>Podemos especular que, talvez, naquele instante, Deus o fizesse recordar de tudo o que a humanidade havia passado desde a transgress\u00e3o de Ad\u00e3o at\u00e9 aquele instante. Quantas trag\u00e9dias, mortes, viol\u00eancia e maldade. Talvez, quem sabe, Deus mostrou as imagens da perdi\u00e7\u00e3o a qual a humanidade estava fadada e de quanta maldade ainda sobreviria sobre este planeta caso o Cristo n\u00e3o completasse sua miss\u00e3o redentora.<\/p>\n<p>Pode ser que o Esp\u00edrito Santo estivesse a sussurrar aos seus ouvidos relembrando-o da miss\u00e3o tra\u00e7ada pelo Pai desde antes da funda\u00e7\u00e3o do mundo, quando, na Eternidade, as tr\u00eas partes de Deus, o Pai, o Filho e o Esp\u00edrito, tomaram a decis\u00e3o de salvar a esp\u00e9cie humana do lama\u00e7al de pecado ao qual ela pr\u00f3pria se atolou.<\/p>\n<p>Ou talvez Cristo tenha olhado para o seu pr\u00f3prio cora\u00e7\u00e3o e, em meio \u00e0quela ang\u00fastia, reexaminou seus sentimentos percebendo que o amor pela criatura \u00e9 maior do que o supl\u00edcio que haveria de passar.<\/p>\n<p>Possivelmente, no momento em que concluiu a primeira parte da senten\u00e7a, logo que falou a palavra \u201cc\u00e1lice\u201d, veio a sua mente o quanto era necess\u00e1rio que ele se entregasse em sacrif\u00edcio para expia\u00e7\u00e3o dos nossos pecados. Provavelmente, vasculhando em si, retomou em instantes a consci\u00eancia de sua colossal responsabilidade.<\/p>\n<p>Ent\u00e3o, mesmo angustiado e ciente de tudo o que estava para padecer, completou a senten\u00e7a: \u201ctodavia, n\u00e3o se fa\u00e7a a minha vontade, mas a tua\u201d.<\/p>\n<p>Jesus \u00e9 o exemplo de obedi\u00eancia e de supremo amor, mesmo sabendo da extrema dor, n\u00e3o se desviou de seu prop\u00f3sito.<\/p>\n<p>Daqui se verificam, pelo menos, duas li\u00e7\u00f5es importantes:<\/p>\n<p>(1) a mesma confian\u00e7a e obedi\u00eancia que Jesus demonstrou ter em Deus e Seus des\u00edgnios, \u00e9 aquela que a f\u00e9 deve produzir em n\u00f3s;<\/p>\n<p>(2) jamais esquecer da ang\u00fastia e da dor que Cristo sentiu para nos salvar.<\/p>\n","protected":false},"excerpt":{"rendered":"<p>Nos momentos que precederam a crucifica\u00e7\u00e3o, Jesus levou alguns de seus disc\u00edpulos ao Monte das Oliveiras para orar no Jardim de Gets\u00eamani. Cristo j\u00e1 sabia do sofrimento que haveria de enfrentar e orou t\u00e3o intensamente que transpirou gotas de sangue: \u201cE, posto em agonia, orava mais intensamente. E o seu suor tornou-se como grandes gotas [&hellip;]<\/p>\n","protected":false},"author":96,"featured_media":0,"comment_status":"closed","ping_status":"closed","sticky":false,"template":"","format":"standard","meta":{"footnotes":""},"categories":[1244],"tags":[],"class_list":["post-197697","post","type-post","status-publish","format-standard","hentry","category-oleg-abramov"],"_links":{"self":[{"href":"https:\/\/diarioregionaldigital.com.br\/index.php?rest_route=\/wp\/v2\/posts\/197697","targetHints":{"allow":["GET"]}}],"collection":[{"href":"https:\/\/diarioregionaldigital.com.br\/index.php?rest_route=\/wp\/v2\/posts"}],"about":[{"href":"https:\/\/diarioregionaldigital.com.br\/index.php?rest_route=\/wp\/v2\/types\/post"}],"author":[{"embeddable":true,"href":"https:\/\/diarioregionaldigital.com.br\/index.php?rest_route=\/wp\/v2\/users\/96"}],"replies":[{"embeddable":true,"href":"https:\/\/diarioregionaldigital.com.br\/index.php?rest_route=%2Fwp%2Fv2%2Fcomments&post=197697"}],"version-history":[{"count":1,"href":"https:\/\/diarioregionaldigital.com.br\/index.php?rest_route=\/wp\/v2\/posts\/197697\/revisions"}],"predecessor-version":[{"id":197698,"href":"https:\/\/diarioregionaldigital.com.br\/index.php?rest_route=\/wp\/v2\/posts\/197697\/revisions\/197698"}],"wp:attachment":[{"href":"https:\/\/diarioregionaldigital.com.br\/index.php?rest_route=%2Fwp%2Fv2%2Fmedia&parent=197697"}],"wp:term":[{"taxonomy":"category","embeddable":true,"href":"https:\/\/diarioregionaldigital.com.br\/index.php?rest_route=%2Fwp%2Fv2%2Fcategories&post=197697"},{"taxonomy":"post_tag","embeddable":true,"href":"https:\/\/diarioregionaldigital.com.br\/index.php?rest_route=%2Fwp%2Fv2%2Ftags&post=197697"}],"curies":[{"name":"wp","href":"https:\/\/api.w.org\/{rel}","templated":true}]}}