{"id":197631,"date":"2022-04-13T21:19:14","date_gmt":"2022-04-14T00:19:14","guid":{"rendered":"https:\/\/diarioregionaldigital.com.br\/?p=197631"},"modified":"2022-04-13T21:19:14","modified_gmt":"2022-04-14T00:19:14","slug":"programa-boniteza-finaliza-correcao-de-erosao-no-bairro-filgueiras-e-realiza-outras-98-intervencoes","status":"publish","type":"post","link":"https:\/\/diarioregionaldigital.com.br\/?p=197631","title":{"rendered":"Programa Boniteza finaliza corre\u00e7\u00e3o de eros\u00e3o no bairro Filgueiras e realiza outras 98 interven\u00e7\u00f5es"},"content":{"rendered":"<p>Segundo informa\u00e7\u00f5es do site da Prefeitura de Juiz de Fora, nesta quarta-feira, 13, o Programa Boniteza finaliza a corre\u00e7\u00e3o de uma eros\u00e3o nas margens do c\u00f3rrego do Bairro Filgueiras. Os trabalhos est\u00e3o focados na altura do n\u00famero 496 da Estrada de Filgueiras, onde a equipe da Secretaria de Obras (SO) est\u00e1 construindo uma conten\u00e7\u00e3o com pedras e concreto. A interven\u00e7\u00e3o teve in\u00edcio na \u00faltima semana. O fluxo de ve\u00edculos no local segue no esquema \u201cpare e siga\u201d, das 7h \u00e0s 17h, at\u00e9 esta quarta-feira, 13.<\/p>\n<p>&nbsp;<\/p>\n<p>Al\u00e9m disso, atrav\u00e9s da SO e do Gabinete de A\u00e7\u00e3o e Di\u00e1logo Comunit\u00e1rio (GADC) da Prefeitura de Juiz de Fora (PJF), o Programa Boniteza realiza outras 98 interven\u00e7\u00f5es nesta quarta.<\/p>\n<p>&nbsp;<\/p>\n<p><strong>Obras<\/strong><\/p>\n<p>&nbsp;<\/p>\n<p>Os Departamentos de Opera\u00e7\u00e3o e Manuten\u00e7\u00e3o em Obras (Domo) e de Estradas Vicinais da Secretaria de Obras t\u00eam previstas 15 a\u00e7\u00f5es.<\/p>\n<p>&nbsp;<\/p>\n<p><strong>Interven\u00e7\u00f5es em continuidade:<\/strong><\/p>\n<p>&nbsp;<\/p>\n<p>. Corre\u00e7\u00e3o em escad\u00e3o &#8211; Rua Jos\u00e9 Paulino Sobrinho, S\u00e3o Judas Tadeu<\/p>\n<p>. Meio-fio fundido &#8211; Km 1 da Estrada de Caet\u00e9<\/p>\n<p>. Corre\u00e7\u00e3o de eros\u00e3o &#8211; Rua Luiz F\u00e1vero, Bom Jardim<\/p>\n<p>. Corre\u00e7\u00e3o de eros\u00e3o &#8211; Rua Ant\u00f4nio de Almeida, Centen\u00e1rio<\/p>\n<p>. Limpeza de boca de lobo e assentamento de tampa &#8211; Rua Tenente Coronel Delfino, Santa Tereza<\/p>\n<p>. Patrolamento com lan\u00e7amento de material &#8211; Estrada do Carmo<\/p>\n<p>&nbsp;<\/p>\n<p><strong>Novas interven\u00e7\u00f5es:<\/strong><\/p>\n<p>&nbsp;<\/p>\n<p>. Patrolamento &#8211; Estrada da Serrinha, Ros\u00e1rio de Minas<\/p>\n<p>. Tapa-buracos em pontos cr\u00edticos e limpeza de valetas &#8211; Estrada de Jacutinga, Torre\u00f5es<\/p>\n<p>. Assentamento de tampas &#8211; Rua Jos\u00e9 Machado Penido, Condom\u00ednio Green Park<\/p>\n<p>. Corre\u00e7\u00e3o de canaleta e boca de lobo &#8211; Avenida Get\u00falio Vargas, Centro<\/p>\n<p>. Limpeza de boca de lobo e assentamento de tampa &#8211; Rua Paracatu\u00a0\u00a0 \u00a0, Bandeirantes<\/p>\n<p>. Fixa\u00e7\u00e3o de port\u00e3o &#8211; Pra\u00e7a Ant\u00f4nio Carlos, Centro<\/p>\n<p>. Assentamento de tampas &#8211; Rua Santa Terezinha, Santa Terezinha<\/p>\n<p>. Lan\u00e7amento manual de material em pontos cr\u00edticos &#8211; Rua Ant\u00f4nio Leoc\u00e1dio Guedes, S\u00e3o Sebasti\u00e3o<\/p>\n<p>. Limpeza de vala &#8211; Estrada de Valadares<\/p>\n<p>&nbsp;<\/p>\n<p><strong>Ilumina\u00e7\u00e3o p\u00fablica<\/strong><\/p>\n<p>&nbsp;<\/p>\n<p>O departamento de Ilumina\u00e7\u00e3o P\u00fablica da PJF d\u00e1 continuidade \u00e0s a\u00e7\u00f5es com a previs\u00e3o de trocas de 84 l\u00e2mpadas nos bairros abaixo:<\/p>\n<p>&nbsp;<\/p>\n<p><strong>Bar\u00e3o do Retiro<\/strong><\/p>\n<p>Rua Doutor Saulo Villela<\/p>\n<p>Rua Jos\u00e9 Augusto Ara\u00fajo<\/p>\n<p>Rua Pedro de Ara\u00fajo Porto<\/p>\n<p>Rua Sebasti\u00e3o Cardoso<\/p>\n<p><strong>Cai\u00e7aras<\/strong><\/p>\n<p>Rua Jo\u00e3o Esteves dos Reis<\/p>\n<p><strong>Cer\u00e2mica<\/strong><\/p>\n<p>Rua Eunice Weaver<\/p>\n<p>Rua H\u00e9lio Tomas<\/p>\n<p><strong>Linhares<\/strong><\/p>\n<p>Terezinha de Lourdes<\/p>\n<p><strong>Carlos Chagas<\/strong><\/p>\n<p>Rua Helena Bitencourt<\/p>\n<p>Rua Guilardo Xavier Furtado<\/p>\n<p><strong>Monte Castelo<\/strong><\/p>\n<p>Rua Itatiaia<\/p>\n<p>Rua Agulhas Negras<\/p>\n<p>Rua Carlos Martins<\/p>\n<p>Rua Nazira Mattar de Freitas<\/p>\n<p>Rua Expedicion\u00e1rio Ant\u00f4nio Novaes<\/p>\n<p>Rua Benvindo de Assis Lopes<\/p>\n<p>Rua Pedro Ronzani<\/p>\n<p>Rua Itatiaia<\/p>\n<p>Rua Doutor Norberto Gerhein<\/p>\n<p><strong>Terras Altas<\/strong><\/p>\n<p>Rua Nicolau Lammoglia<\/p>\n<p><strong>Jardim Natal<\/strong><\/p>\n<p>Rua Tenente Lucas Drumont<\/p>\n<p>Rua Ot\u00e1vio Schetino<\/p>\n<p><strong>Santos Dumont<\/strong><\/p>\n<p>Rua Marginal do Aeroporto<\/p>\n<p>Rua Odilon Rezende Pedrosa<\/p>\n<p>Rua Geraldo Mayrinque<\/p>\n<p>Rua Doutor Valdir Lorentz<\/p>\n<p><strong>Aeroporto<\/strong><\/p>\n<p>Rua Consul Manuel Costa<\/p>\n<p>Rua Jos\u00e9 Pedro Weiss<\/p>\n<p>Rua Dirceu Fernandes Barbosa<\/p>\n<p>Residencial Portal do Aeroporto<\/p>\n<p><strong>Terras Altas<\/strong><\/p>\n<p>Avenida Fernando Senra<\/p>\n<p>Rua Wilson Gomes de Freitas<\/p>\n<p>Rua Farmac\u00eautico Jos\u00e9 Fontes Louren\u00e7o<\/p>\n<p><strong>Furtado de Menezes<\/strong><\/p>\n<p>Rua Furtado de Menezes<\/p>\n<p><strong>Santa Rita de C\u00e1ssia<\/strong><\/p>\n<p>Rua Professora Alzira Pereira de Oliveira<\/p>\n<p><strong>Esplanada<\/strong><\/p>\n<p>Rua Bias Fortes<\/p>\n<p><strong>Caet\u00e9<\/strong><\/p>\n<p>Rua S\u00e3o Francisco<\/p>\n<p><strong>Floresta<\/strong><\/p>\n<p>Rua B (Condom\u00ednio Florestinha)<\/p>\n<p><strong>F\u00e1brica<\/strong><\/p>\n<p>Bernardo Mascarenhas<\/p>\n<p><strong>Santa Cruz<\/strong><\/p>\n<p>Avenida Doutor Sime\u00e3o de Faria<\/p>\n<p><strong>Borboleta<\/strong><\/p>\n<p>Rua Talita Jonas<\/p>\n<p>Rua Augusto Thielman<\/p>\n<p><strong>Novo Horizonte<\/strong><\/p>\n<p>Rua Doutor N\u00e9lson Lougon<\/p>\n<p><strong>Cascatinha<\/strong><\/p>\n<p>Avenida Doutor Paulo Japiass\u00fa Coelho<\/p>\n<p><strong>Dom Bosco<\/strong><\/p>\n<p>Rua Oleg\u00e1rio Maciel<\/p>\n<p><strong>Recanto das Pedras<\/strong><\/p>\n<p>Rua Paulo C\u00e9sar Taviano<\/p>\n<p><strong>Furtado de Menezes<\/strong><\/p>\n<p>Travessa Martinho da Fonseca<\/p>\n<p><strong>Bosque do Imperador<\/strong><\/p>\n<p>Rua do Imperador<\/p>\n<p><strong>Po\u00e7o Rico<\/strong><\/p>\n<p>Rua Professora Carolina Coelho<\/p>\n<p><strong>Democrata<\/strong><\/p>\n<p>Rua Carangola<\/p>\n<p><strong>Paineiras<\/strong><\/p>\n<p>Rua Almirante Barroso<\/p>\n<p>Pra\u00e7a do Cruzeiro<\/p>\n<p><strong>Granbery<\/strong><\/p>\n<p>Rua Julieta Andrade<\/p>\n<p>Rua Ant\u00f4nio Dias Tostes<\/p>\n<p><strong>Santa Helena<\/strong><\/p>\n<p>Rua Dona Maria Helena Teixeira<\/p>\n<p>Rua Doutor Constantino Paleta<\/p>\n<p>Rua Pasteur<\/p>\n<p><strong>S\u00e3o Mateus<\/strong><\/p>\n<p>Rua Coronel Pacheco<\/p>\n<p><strong>Jardim das Pedras Preciosas<\/strong><\/p>\n<p>Rua Opala<\/p>\n<p><strong>Jardim Gl\u00f3ria<\/strong><\/p>\n<p>Rua Capit\u00e3o Arnaldo de Carvalho<\/p>\n","protected":false},"excerpt":{"rendered":"<p>Segundo informa\u00e7\u00f5es do site da Prefeitura de Juiz de Fora, nesta quarta-feira, 13, o Programa Boniteza finaliza a corre\u00e7\u00e3o de uma eros\u00e3o nas margens do c\u00f3rrego do Bairro Filgueiras. Os trabalhos est\u00e3o focados na altura do n\u00famero 496 da Estrada de Filgueiras, onde a equipe da Secretaria de Obras (SO) est\u00e1 construindo uma conten\u00e7\u00e3o com [&hellip;]<\/p>\n","protected":false},"author":246,"featured_media":197632,"comment_status":"closed","ping_status":"closed","sticky":false,"template":"","format":"standard","meta":{"footnotes":""},"categories":[253,436,439],"tags":[],"class_list":["post-197631","post","type-post","status-publish","format-standard","has-post-thumbnail","hentry","category-cidade","category-destaque-da-semana","category-ultima-hora"],"_links":{"self":[{"href":"https:\/\/diarioregionaldigital.com.br\/index.php?rest_route=\/wp\/v2\/posts\/197631","targetHints":{"allow":["GET"]}}],"collection":[{"href":"https:\/\/diarioregionaldigital.com.br\/index.php?rest_route=\/wp\/v2\/posts"}],"about":[{"href":"https:\/\/diarioregionaldigital.com.br\/index.php?rest_route=\/wp\/v2\/types\/post"}],"author":[{"embeddable":true,"href":"https:\/\/diarioregionaldigital.com.br\/index.php?rest_route=\/wp\/v2\/users\/246"}],"replies":[{"embeddable":true,"href":"https:\/\/diarioregionaldigital.com.br\/index.php?rest_route=%2Fwp%2Fv2%2Fcomments&post=197631"}],"version-history":[{"count":1,"href":"https:\/\/diarioregionaldigital.com.br\/index.php?rest_route=\/wp\/v2\/posts\/197631\/revisions"}],"predecessor-version":[{"id":197633,"href":"https:\/\/diarioregionaldigital.com.br\/index.php?rest_route=\/wp\/v2\/posts\/197631\/revisions\/197633"}],"wp:featuredmedia":[{"embeddable":true,"href":"https:\/\/diarioregionaldigital.com.br\/index.php?rest_route=\/wp\/v2\/media\/197632"}],"wp:attachment":[{"href":"https:\/\/diarioregionaldigital.com.br\/index.php?rest_route=%2Fwp%2Fv2%2Fmedia&parent=197631"}],"wp:term":[{"taxonomy":"category","embeddable":true,"href":"https:\/\/diarioregionaldigital.com.br\/index.php?rest_route=%2Fwp%2Fv2%2Fcategories&post=197631"},{"taxonomy":"post_tag","embeddable":true,"href":"https:\/\/diarioregionaldigital.com.br\/index.php?rest_route=%2Fwp%2Fv2%2Ftags&post=197631"}],"curies":[{"name":"wp","href":"https:\/\/api.w.org\/{rel}","templated":true}]}}