{"id":197602,"date":"2022-04-13T20:26:39","date_gmt":"2022-04-13T23:26:39","guid":{"rendered":"https:\/\/diarioregionaldigital.com.br\/?p=197602"},"modified":"2022-04-13T20:26:39","modified_gmt":"2022-04-13T23:26:39","slug":"minas-distribui-mais-130-mil-vacinas-contra-covid-19","status":"publish","type":"post","link":"https:\/\/diarioregionaldigital.com.br\/?p=197602","title":{"rendered":"Minas distribui mais 130 mil vacinas contra covid-19"},"content":{"rendered":"<p>O\u00a0<a href=\"https:\/\/www.mg.gov.br\/\" target=\"_blank\" rel=\"noopener\">Governo de Minas Gerais<\/a>, por meio da\u00a0<a href=\"https:\/\/www.saude.mg.gov.br\/\" target=\"_blank\" rel=\"noopener\">Secretaria de Estado de Sa\u00fade (SES-MG)<\/a>, iniciou, nesta quarta-feira (13\/4), a distribui\u00e7\u00e3o de mais 129.650 vacinas pedi\u00e1tricas contra a covid-19 da Pfizer. As doses chegaram na tarde de segunda-feira (12\/4) \u00e0 Central Estadual de Rede de Frio.<\/p>\n<p>Os imunizantes fazem parte do 102\u00ba lote enviado pelo Minist\u00e9rio da Sa\u00fade e s\u00e3o destinados \u00e0 aplica\u00e7\u00e3o de segunda dose (D2) em crian\u00e7as de 6 a 11 anos de idade.<\/p>\n<p>A Unidade Regional de Sa\u00fade (URS) de S\u00e3o Jo\u00e3o del-Rei j\u00e1 retirou as doses solicitadas pelos munic\u00edpios da \u00e1rea. A URS de Varginha agendou a retirada para a pr\u00f3xima segunda-feira (18\/4). Para melhor preserva\u00e7\u00e3o, o restante dos imunizantes permanecer\u00e1 acondicionado na Central Estadual de Rede de Frio e ser\u00e1 retirado pelas URS de acordo com a solicita\u00e7\u00e3o dos munic\u00edpios de suas respectivas \u00e1reas de abrang\u00eancia.<\/p>\n<p>At\u00e9 o momento, o governo de Minas Gerais j\u00e1 vacinou mais de 1,2 milh\u00e3o de crian\u00e7as contra a covid-19. Ao todo, j\u00e1 foram administradas mais de 43 milh\u00f5es de doses de imunizantes na popula\u00e7\u00e3o com mais de 5 anos de idade.<\/p>\n<ul>\n<li><a href=\"https:\/\/www.agenciaminas.mg.gov.br\/ckeditor_assets\/attachments\/13805\/lote_102_-_15_remessa_pediatrica.xlsx\" target=\"_blank\" rel=\"noopener\">Clique aqui<\/a>\u00a0para verificar a quantidade de doses destinadas a cada munic\u00edpio mineiro da remessa de Pfizer pedi\u00e1trica do lote 102.\n<p>Fonte: Ag\u00eancia Minas<\/li>\n<\/ul>\n","protected":false},"excerpt":{"rendered":"<p>O\u00a0Governo de Minas Gerais, por meio da\u00a0Secretaria de Estado de Sa\u00fade (SES-MG), iniciou, nesta quarta-feira (13\/4), a distribui\u00e7\u00e3o de mais 129.650 vacinas pedi\u00e1tricas contra a covid-19 da Pfizer. As doses chegaram na tarde de segunda-feira (12\/4) \u00e0 Central Estadual de Rede de Frio. Os imunizantes fazem parte do 102\u00ba lote enviado pelo Minist\u00e9rio da Sa\u00fade [&hellip;]<\/p>\n","protected":false},"author":246,"featured_media":197603,"comment_status":"closed","ping_status":"closed","sticky":false,"template":"","format":"standard","meta":{"footnotes":""},"categories":[436,254,439],"tags":[],"class_list":["post-197602","post","type-post","status-publish","format-standard","has-post-thumbnail","hentry","category-destaque-da-semana","category-politica","category-ultima-hora"],"_links":{"self":[{"href":"https:\/\/diarioregionaldigital.com.br\/index.php?rest_route=\/wp\/v2\/posts\/197602","targetHints":{"allow":["GET"]}}],"collection":[{"href":"https:\/\/diarioregionaldigital.com.br\/index.php?rest_route=\/wp\/v2\/posts"}],"about":[{"href":"https:\/\/diarioregionaldigital.com.br\/index.php?rest_route=\/wp\/v2\/types\/post"}],"author":[{"embeddable":true,"href":"https:\/\/diarioregionaldigital.com.br\/index.php?rest_route=\/wp\/v2\/users\/246"}],"replies":[{"embeddable":true,"href":"https:\/\/diarioregionaldigital.com.br\/index.php?rest_route=%2Fwp%2Fv2%2Fcomments&post=197602"}],"version-history":[{"count":2,"href":"https:\/\/diarioregionaldigital.com.br\/index.php?rest_route=\/wp\/v2\/posts\/197602\/revisions"}],"predecessor-version":[{"id":197606,"href":"https:\/\/diarioregionaldigital.com.br\/index.php?rest_route=\/wp\/v2\/posts\/197602\/revisions\/197606"}],"wp:featuredmedia":[{"embeddable":true,"href":"https:\/\/diarioregionaldigital.com.br\/index.php?rest_route=\/wp\/v2\/media\/197603"}],"wp:attachment":[{"href":"https:\/\/diarioregionaldigital.com.br\/index.php?rest_route=%2Fwp%2Fv2%2Fmedia&parent=197602"}],"wp:term":[{"taxonomy":"category","embeddable":true,"href":"https:\/\/diarioregionaldigital.com.br\/index.php?rest_route=%2Fwp%2Fv2%2Fcategories&post=197602"},{"taxonomy":"post_tag","embeddable":true,"href":"https:\/\/diarioregionaldigital.com.br\/index.php?rest_route=%2Fwp%2Fv2%2Ftags&post=197602"}],"curies":[{"name":"wp","href":"https:\/\/api.w.org\/{rel}","templated":true}]}}