{"id":197596,"date":"2022-04-13T20:21:28","date_gmt":"2022-04-13T23:21:28","guid":{"rendered":"https:\/\/diarioregionaldigital.com.br\/?p=197596"},"modified":"2022-04-13T20:21:28","modified_gmt":"2022-04-13T23:21:28","slug":"obras-de-recuperacao-e-aumento-da-capacidade-da-mg-167-entre-tres-pontas-e-varginha-comecam-nesta-semana","status":"publish","type":"post","link":"https:\/\/diarioregionaldigital.com.br\/?p=197596","title":{"rendered":"Obras de recupera\u00e7\u00e3o e aumento da capacidade da MG-167, entre Tr\u00eas Pontas e Varginha, come\u00e7am nesta semana"},"content":{"rendered":"<p>O governador Romeu Zema deu ordem de in\u00edcio, nesta quarta-feira (13\/4), \u00e0s obras de recupera\u00e7\u00e3o funcional e aumento da capacidade da rodovia MG-167, que liga Tr\u00eas Pontas a Varginha, no Sul de Minas.<\/p>\n<p>Ao todo, ser\u00e3o 10,6 quil\u00f4metros em interven\u00e7\u00f5es, com investimento total de R$ 22,3 milh\u00f5es. Desse total, \u00a0R$ 11 milh\u00f5es ser\u00e3o aplicados na implementa\u00e7\u00e3o de acostamentos e de terceira via, sendo R$ 9,6 milh\u00f5es oriundos de conv\u00eanio entre o\u00a0<a href=\"https:\/\/www.mg.gov.br\/\" target=\"_blank\" rel=\"noopener\">Estado<\/a>\u00a0e o governo federal e R$ 1,7 milh\u00e3o como contrapartida estadual.<\/p>\n<p>J\u00e1 para a recupera\u00e7\u00e3o funcional da pista ser\u00e3o R$ 11 milh\u00f5es em recursos do Tesouro Estadual.<\/p>\n<p>O governador destacou os investimentos hist\u00f3ricos que est\u00e3o sendo feitos nas rodovias mineiras e o esfor\u00e7o conjunto para que a obra na MG-167 fosse realizada.<\/p>\n<p>\u201cH\u00e1 mais de dez anos n\u00e3o t\u00ednhamos tantos investimentos na malha vi\u00e1ria como estamos tendo agora com o programa Provias, que ir\u00e1 investir mais de R$ 2 bilh\u00f5es para melhorar e recuperar as rodovias do estado. Quero agradecer aos deputados e ao prefeito de Tr\u00eas Pontas, Marcelo Chaves, que, junto com a nossa Secretaria de Infraestrutura e Mobilidade, reuniram os recursos para que a obra, esperada pela popula\u00e7\u00e3o h\u00e1 tantos anos, pudesse ser feita\u201d, afirmou Zema.<br \/>\n<strong>Redu\u00e7\u00e3o de acidentes<\/strong><\/p>\n<p>A MG-167 \u00e9 uma das rodovias mais movimentadas da regi\u00e3o e com alta taxa de acidentes.\u00a0<a href=\"http:\/\/www.infraestrutura.mg.gov.br\/\" target=\"_blank\" rel=\"noopener\">Segundo a Secretaria de Estado de Infraestrutura e Mobilidade (Seinfra)<\/a>, apenas com a implanta\u00e7\u00e3o da terceira faixa, espera-se uma redu\u00e7\u00e3o de R$ 3,8 milh\u00f5es em custos com acidentes de tr\u00e2nsito anualmente.<\/p>\n<p>\u201cEstudos demonstram que, em m\u00e9dia, a implanta\u00e7\u00e3o de faixas adicionais reduz em 30% o n\u00famero de acidentes e aumenta a velocidade de viagem em 3,5km\/h. Em 2019\u00a0foram 104 acidentes nesse trecho\u201d, destaca o secret\u00e1rio de Estado de Infraestrutura e Mobilidade, Fernando Marcato.<\/p>\n<p>Al\u00e9m disso, devido \u00e0 voca\u00e7\u00e3o regional do Sul de Minas para a produ\u00e7\u00e3o de caf\u00e9,\u00a0 o escoamento da produ\u00e7\u00e3o ser\u00e1 favorecido com redu\u00e7\u00e3o de custos e deslocamentos, beneficiando produtores de todo o entorno.<\/p>\n<p>As melhorias no trecho s\u00e3o aguardada h\u00e1 anos pela popula\u00e7\u00e3o. No ano passado, o governador esteve em Tr\u00eas Pontas anunciando a obra. De l\u00e1 para c\u00e1 foram feitos os projetos e estudos para que a interven\u00e7\u00e3o pudesse efetivamente ser iniciada nesta semana, com recursos garantidos.<\/p>\n<p><strong>Provias<\/strong><\/p>\n<p>As obras na MG-167 est\u00e3o dentro do pacote Provias, lan\u00e7ado no \u00faltimo dia 4 pelo governador. Ao todo, ser\u00e3o destinados R$ 2 bilh\u00f5es para 99 interven\u00e7\u00f5es em rodovias de todas as regi\u00f5es do Estado.<\/p>\n<p>Para o Sul de Minas ser\u00e3o oito trechos em obras, totalizando 137,3 quil\u00f4metros e R$ 83,87 milh\u00f5es, entre eles a MG-295, entre Cambu\u00ed e Senador Amaral, e o trecho entre Para\u00edsopolis e Consola\u00e7\u00e3o. J\u00e1 a LMG-883 receber\u00e1 melhorias entre a MG-347 e Dom Vi\u00e7oso. As obras j\u00e1 est\u00e3o em andamento.<\/p>\n<p>Os recursos para as obras s\u00e3o oriundos do Termo de Repara\u00e7\u00e3o assinado com a Vale em decorr\u00eancia do rompimento da barragem de Brumadinho, do Termo de Transa\u00e7\u00e3o e de Ajustamento de Conduta (TTAC) firmado entre o Governo de Minas e a Funda\u00e7\u00e3o Renova, al\u00e9m de conv\u00eanios e emendas parlamentares estaduais e federais, parcerias com empresas e conv\u00eanios com prefeituras.<\/p>\n<p>O Termo Judicial visa reparar os danos decorrentes do rompimento das barragens da Vale S.A. em Brumadinho, que tirou a vida de 272 pessoas e gerou uma s\u00e9rie de impactos sociais, ambientais e econ\u00f4micos na bacia do Rio Paraopeba e em todo o Estado de Minas Gerais.<\/p>\n<p>Fonte: Ag\u00eancia Minas<\/p>\n","protected":false},"excerpt":{"rendered":"<p>O governador Romeu Zema deu ordem de in\u00edcio, nesta quarta-feira (13\/4), \u00e0s obras de recupera\u00e7\u00e3o funcional e aumento da capacidade da rodovia MG-167, que liga Tr\u00eas Pontas a Varginha, no Sul de Minas. Ao todo, ser\u00e3o 10,6 quil\u00f4metros em interven\u00e7\u00f5es, com investimento total de R$ 22,3 milh\u00f5es. Desse total, \u00a0R$ 11 milh\u00f5es ser\u00e3o aplicados na [&hellip;]<\/p>\n","protected":false},"author":246,"featured_media":197597,"comment_status":"closed","ping_status":"closed","sticky":false,"template":"","format":"standard","meta":{"footnotes":""},"categories":[436,440,254,439],"tags":[],"class_list":["post-197596","post","type-post","status-publish","format-standard","has-post-thumbnail","hentry","category-destaque-da-semana","category-destaques-do-dia","category-politica","category-ultima-hora"],"_links":{"self":[{"href":"https:\/\/diarioregionaldigital.com.br\/index.php?rest_route=\/wp\/v2\/posts\/197596","targetHints":{"allow":["GET"]}}],"collection":[{"href":"https:\/\/diarioregionaldigital.com.br\/index.php?rest_route=\/wp\/v2\/posts"}],"about":[{"href":"https:\/\/diarioregionaldigital.com.br\/index.php?rest_route=\/wp\/v2\/types\/post"}],"author":[{"embeddable":true,"href":"https:\/\/diarioregionaldigital.com.br\/index.php?rest_route=\/wp\/v2\/users\/246"}],"replies":[{"embeddable":true,"href":"https:\/\/diarioregionaldigital.com.br\/index.php?rest_route=%2Fwp%2Fv2%2Fcomments&post=197596"}],"version-history":[{"count":1,"href":"https:\/\/diarioregionaldigital.com.br\/index.php?rest_route=\/wp\/v2\/posts\/197596\/revisions"}],"predecessor-version":[{"id":197598,"href":"https:\/\/diarioregionaldigital.com.br\/index.php?rest_route=\/wp\/v2\/posts\/197596\/revisions\/197598"}],"wp:featuredmedia":[{"embeddable":true,"href":"https:\/\/diarioregionaldigital.com.br\/index.php?rest_route=\/wp\/v2\/media\/197597"}],"wp:attachment":[{"href":"https:\/\/diarioregionaldigital.com.br\/index.php?rest_route=%2Fwp%2Fv2%2Fmedia&parent=197596"}],"wp:term":[{"taxonomy":"category","embeddable":true,"href":"https:\/\/diarioregionaldigital.com.br\/index.php?rest_route=%2Fwp%2Fv2%2Fcategories&post=197596"},{"taxonomy":"post_tag","embeddable":true,"href":"https:\/\/diarioregionaldigital.com.br\/index.php?rest_route=%2Fwp%2Fv2%2Ftags&post=197596"}],"curies":[{"name":"wp","href":"https:\/\/api.w.org\/{rel}","templated":true}]}}