{"id":197593,"date":"2022-04-13T20:12:56","date_gmt":"2022-04-13T23:12:56","guid":{"rendered":"https:\/\/diarioregionaldigital.com.br\/?p=197593"},"modified":"2022-04-13T20:12:56","modified_gmt":"2022-04-13T23:12:56","slug":"moodys-mantem-nota-da-divida-do-governo-brasileiro","status":"publish","type":"post","link":"https:\/\/diarioregionaldigital.com.br\/?p=197593","title":{"rendered":"Moody\u2019s mant\u00e9m nota da d\u00edvida do governo brasileiro"},"content":{"rendered":"<p>A ag\u00eancia de classifica\u00e7\u00e3o de risco Moody\u2019s manteve a nota da d\u00edvida p\u00fablica brasileira, com perspectiva est\u00e1vel, sem chances de mudan\u00e7as em breve. A decis\u00e3o foi divulgada no fim da tarde desta\u00a0ter\u00e7a-feira (12).<img decoding=\"async\" src=\"https:\/\/agenciabrasil.ebc.com.br\/ebc.png?id=1453681&amp;o=node\" \/><img decoding=\"async\" src=\"https:\/\/agenciabrasil.ebc.com.br\/ebc.gif?id=1453681&amp;o=node\" \/><\/p>\n<p>A perspectiva est\u00e1vel significa que a ag\u00eancia n\u00e3o pretende mudar a nota do pa\u00eds na pr\u00f3xima an\u00e1lise. Atualmente, a Moody\u2019s concede nota Ba2 para o Brasil, dois n\u00edveis abaixo do grau de investimento, garantia de que o pa\u00eds n\u00e3o corre risco de dar calote na d\u00edvida p\u00fablica.<\/p>\n<p>Em comunicado, a ag\u00eancia explicou que a manuten\u00e7\u00e3o da nota da d\u00edvida p\u00fablica brasileira se justifica por tr\u00eas fatores. O primeiro foram mudan\u00e7as estruturais nas pol\u00edticas fiscal e monet\u00e1ria adotas nos \u00faltimos anos, com destaque para a autonomia do Banco Central e a reforma da Previd\u00eancia.<\/p>\n<p>O segundo fator foi a melhora das contas p\u00fablicas. Com a arrecada\u00e7\u00e3o federal batendo recorde, o governo tem obtido d\u00e9ficits prim\u00e1rios mais baixos. Segundo a Moody\u2019s, isso amenizar\u00e1 o impacto do aumento da taxa de juros na d\u00edvida p\u00fablica. O terceiro motivo para a manuten\u00e7\u00e3o da nota foi o grande volume de reservas internacionais do Brasil, que fortalece a posi\u00e7\u00e3o externa no pa\u00eds.<\/p>\n<p>\u201cA perspectiva est\u00e1vel reflete as expectativas da Moody&#8217;s de que as reformas no arcabou\u00e7o fiscal e de pol\u00edtica monet\u00e1ria realizadas recentemente s\u00e3o estruturais por natureza e ser\u00e3o em grande parte preservadas, contra o risco de derrapagem fiscal e o impacto do fraco crescimento sobre a consolida\u00e7\u00e3o fiscal\u201d, destacou a ag\u00eancia em comunicado.<\/p>\n<p>Segundo a Moody\u2019s, o Brasil mostrou forte resili\u00eancia ap\u00f3s a pior fase da pandemia de covid-19, com o Produto Interno Bruto (PIB) crescendo 4,6% em 2021. A ag\u00eancia considera que o pa\u00eds retomou o impulso em rela\u00e7\u00e3o \u00e0 aprova\u00e7\u00e3o de reformas estruturais da economia e elogiou reformas que reduziram a burocracia no ambiente de neg\u00f3cios, o desinvestimento em ativos do governo federal (concess\u00f5es e privatiza\u00e7\u00f5es) e o aumento do investimento privado no setor de infraestrutura.<\/p>\n<p>Desde o in\u00edcio de 2017, a Moody\u2019s classifica o pa\u00eds dois n\u00edveis abaixo do grau de investimento. A nota \u00e9 melhor que a de outras ag\u00eancias. Desde janeiro de 2018, a S&amp;P Global enquadra o Brasil tr\u00eas n\u00edveis abaixo do grau de investimento, mesma nota concedida pela Fitch, outra das principais ag\u00eancias de classifica\u00e7\u00e3o de risco.<\/p>\n<p>Fonte: Ag\u00eancia Brasil<\/p>\n","protected":false},"excerpt":{"rendered":"<p>A ag\u00eancia de classifica\u00e7\u00e3o de risco Moody\u2019s manteve a nota da d\u00edvida p\u00fablica brasileira, com perspectiva est\u00e1vel, sem chances de mudan\u00e7as em breve. A decis\u00e3o foi divulgada no fim da tarde desta\u00a0ter\u00e7a-feira (12). A perspectiva est\u00e1vel significa que a ag\u00eancia n\u00e3o pretende mudar a nota do pa\u00eds na pr\u00f3xima an\u00e1lise. Atualmente, a Moody\u2019s concede nota [&hellip;]<\/p>\n","protected":false},"author":246,"featured_media":197594,"comment_status":"closed","ping_status":"closed","sticky":false,"template":"","format":"standard","meta":{"footnotes":""},"categories":[436,261],"tags":[],"class_list":["post-197593","post","type-post","status-publish","format-standard","has-post-thumbnail","hentry","category-destaque-da-semana","category-economia"],"_links":{"self":[{"href":"https:\/\/diarioregionaldigital.com.br\/index.php?rest_route=\/wp\/v2\/posts\/197593","targetHints":{"allow":["GET"]}}],"collection":[{"href":"https:\/\/diarioregionaldigital.com.br\/index.php?rest_route=\/wp\/v2\/posts"}],"about":[{"href":"https:\/\/diarioregionaldigital.com.br\/index.php?rest_route=\/wp\/v2\/types\/post"}],"author":[{"embeddable":true,"href":"https:\/\/diarioregionaldigital.com.br\/index.php?rest_route=\/wp\/v2\/users\/246"}],"replies":[{"embeddable":true,"href":"https:\/\/diarioregionaldigital.com.br\/index.php?rest_route=%2Fwp%2Fv2%2Fcomments&post=197593"}],"version-history":[{"count":1,"href":"https:\/\/diarioregionaldigital.com.br\/index.php?rest_route=\/wp\/v2\/posts\/197593\/revisions"}],"predecessor-version":[{"id":197595,"href":"https:\/\/diarioregionaldigital.com.br\/index.php?rest_route=\/wp\/v2\/posts\/197593\/revisions\/197595"}],"wp:featuredmedia":[{"embeddable":true,"href":"https:\/\/diarioregionaldigital.com.br\/index.php?rest_route=\/wp\/v2\/media\/197594"}],"wp:attachment":[{"href":"https:\/\/diarioregionaldigital.com.br\/index.php?rest_route=%2Fwp%2Fv2%2Fmedia&parent=197593"}],"wp:term":[{"taxonomy":"category","embeddable":true,"href":"https:\/\/diarioregionaldigital.com.br\/index.php?rest_route=%2Fwp%2Fv2%2Fcategories&post=197593"},{"taxonomy":"post_tag","embeddable":true,"href":"https:\/\/diarioregionaldigital.com.br\/index.php?rest_route=%2Fwp%2Fv2%2Ftags&post=197593"}],"curies":[{"name":"wp","href":"https:\/\/api.w.org\/{rel}","templated":true}]}}