{"id":197589,"date":"2022-04-13T19:48:20","date_gmt":"2022-04-13T22:48:20","guid":{"rendered":"https:\/\/diarioregionaldigital.com.br\/?p=197589"},"modified":"2022-04-13T19:48:20","modified_gmt":"2022-04-13T22:48:20","slug":"governador-diz-que-recuperacao-fiscal-do-rio-esta-bem-encaminhada-2","status":"publish","type":"post","link":"https:\/\/diarioregionaldigital.com.br\/?p=197589","title":{"rendered":"Governador diz que recupera\u00e7\u00e3o fiscal do Rio est\u00e1 bem encaminhada"},"content":{"rendered":"<p>O governador do Rio de Janeiro, Cl\u00e1udio Castro, disse hoje (12) que a ades\u00e3o do estado ao Regime de Recupera\u00e7\u00e3o Fiscal &#8220;est\u00e1 muito bem encaminhada&#8221;, e avaliou como secund\u00e1rias as quest\u00f5es que ainda s\u00e3o entraves junto ao Minist\u00e9rio da Economia. Castro participou de um almo\u00e7o promovido pela Associa\u00e7\u00e3o Comercial do Rio de Janeiro para a entrega do pr\u00eamio Empres\u00e1rio do Ano de 2022 ao fundador da Multiplan, Jos\u00e9 Isaac Peres.<img decoding=\"async\" src=\"https:\/\/agenciabrasil.ebc.com.br\/ebc.png?id=1453618&amp;o=node\" \/><img decoding=\"async\" src=\"https:\/\/agenciabrasil.ebc.com.br\/ebc.gif?id=1453618&amp;o=node\" \/><\/p>\n<p>O governo fluminense apresentou ao minist\u00e9rio, no ano passado, o Plano de Recupera\u00e7\u00e3o Fiscal aprovado pela Assembleia Legislativa do Estado do Rio de Janeiro (Alerj). Entretanto, o teto de gastos previsto e o tri\u00eanio dos servidores estaduais ainda s\u00e3o motivos de impasse.<\/p>\n<p>&#8220;A parte econ\u00f4mica [do Minist\u00e9rio da Economia] j\u00e1 deu o ok. Ent\u00e3o, o plano j\u00e1 para de p\u00e9, j\u00e1 \u00e9 sustent\u00e1vel. O que a gente tem s\u00e3o duas quest\u00f5es jur\u00eddicas totalmente marginais ao plano&#8221;, disse o governador.<\/p>\n<p>&#8220;A parte econ\u00f4mica aprovou e a parte jur\u00eddica desaprovou&#8221;, ressaltou.<\/p>\n<p>Castro disse que os dois pontos questionados foram modificados no plano durante a discuss\u00e3o na Assembleia Legislativa. &#8220;Eu entendo que a assembleia fez o correto, e n\u00e3o deveriam duas quest\u00f5es totalmente secund\u00e1rias impedirem o Rio de entrar no regime&#8221;.<\/p>\n<h2>Concilia\u00e7\u00e3o<\/h2>\n<p>A diverg\u00eancia ser\u00e1 objeto de uma audi\u00eancia de concilia\u00e7\u00e3o no Supremo Tribunal Federal (STF) no pr\u00f3ximo dia 25. O estado obteve uma liminar junto ao ministro Dias Toffoli impedindo que a Uni\u00e3o execute suas d\u00edvidas por tr\u00eas meses e inscreva o estado no cadastro de inadimplentes. A decis\u00e3o tamb\u00e9m assegurou que o estado permane\u00e7a no Regime de Recupera\u00e7\u00e3o Fiscal pelo mesmo per\u00edodo.<\/p>\n<p>Ao conceder a liminar, o ministro pontuou que, apesar de manifesta\u00e7\u00e3o desfavor\u00e1vel ao plano, a Procuradoria-Geral da Fazenda Nacional (PGFN) reconheceu que o governo fluminense cumprira exig\u00eancias referentes \u00e0 limita\u00e7\u00e3o das despesas prim\u00e1rias, \u00e0 ado\u00e7\u00e3o de gest\u00e3o financeira centralizada e \u00e0 privatiza\u00e7\u00e3o de estatais.<\/p>\n<p>O Rio de Janeiro aderiu ao Regime de Recupera\u00e7\u00e3o Fiscal em 2017, como forma de reequilibrar suas contas ap\u00f3s uma severa crise financeira. O plano prev\u00ea a suspens\u00e3o do pagamento de d\u00edvidas com a Uni\u00e3o e imp\u00f5e medidas que levem a redu\u00e7\u00e3o de gastos, como congelamento de sal\u00e1rios e privatiza\u00e7\u00f5es. No caso do Rio, uma das exig\u00eancias era a\u00a0<a href=\"https:\/\/agenciabrasil.ebc.com.br\/economia\/noticia\/2021-04\/leilao-da-cedae-vende-tres-blocos-da-companhia-por-r-226-bilhoes\" target=\"_blank\" rel=\"noopener\">privatiza\u00e7\u00e3o da Companhia Estadual de \u00c1guas e Esgotos (Cedae), que ocorreu no ano passado<\/a>.<\/p>\n<p>Em 2020 e 2021, o Congresso aprovou altera\u00e7\u00f5es no regime, abrandando as exig\u00eancias e aumentando de 6 para 10 anos a dura\u00e7\u00e3o do regime especial, com 1 ano de prazo para a apresenta\u00e7\u00e3o de um novo plano de ajuste.<\/p>\n<p>Com as mudan\u00e7as, o Rio de Janeiro apresentou um novo Plano de Recupera\u00e7\u00e3o Fiscal para alongar a d\u00edvida por mais tempo e fazer ajustes com regras mais brandas que no plano original. O novo plano permitiria a reprograma\u00e7\u00e3o de mais R$ 52,5 bilh\u00f5es da d\u00edvida com a Uni\u00e3o at\u00e9 2030, al\u00e9m dos R$ 92 bilh\u00f5es suspensos atualmente.<\/p>\n<p>Fonte: Ag\u00eancia Brasil<\/p>\n","protected":false},"excerpt":{"rendered":"<p>O governador do Rio de Janeiro, Cl\u00e1udio Castro, disse hoje (12) que a ades\u00e3o do estado ao Regime de Recupera\u00e7\u00e3o Fiscal &#8220;est\u00e1 muito bem encaminhada&#8221;, e avaliou como secund\u00e1rias as quest\u00f5es que ainda s\u00e3o entraves junto ao Minist\u00e9rio da Economia. Castro participou de um almo\u00e7o promovido pela Associa\u00e7\u00e3o Comercial do Rio de Janeiro para a [&hellip;]<\/p>\n","protected":false},"author":246,"featured_media":197590,"comment_status":"closed","ping_status":"closed","sticky":false,"template":"","format":"standard","meta":{"footnotes":""},"categories":[436,261,439],"tags":[],"class_list":["post-197589","post","type-post","status-publish","format-standard","has-post-thumbnail","hentry","category-destaque-da-semana","category-economia","category-ultima-hora"],"_links":{"self":[{"href":"https:\/\/diarioregionaldigital.com.br\/index.php?rest_route=\/wp\/v2\/posts\/197589","targetHints":{"allow":["GET"]}}],"collection":[{"href":"https:\/\/diarioregionaldigital.com.br\/index.php?rest_route=\/wp\/v2\/posts"}],"about":[{"href":"https:\/\/diarioregionaldigital.com.br\/index.php?rest_route=\/wp\/v2\/types\/post"}],"author":[{"embeddable":true,"href":"https:\/\/diarioregionaldigital.com.br\/index.php?rest_route=\/wp\/v2\/users\/246"}],"replies":[{"embeddable":true,"href":"https:\/\/diarioregionaldigital.com.br\/index.php?rest_route=%2Fwp%2Fv2%2Fcomments&post=197589"}],"version-history":[{"count":2,"href":"https:\/\/diarioregionaldigital.com.br\/index.php?rest_route=\/wp\/v2\/posts\/197589\/revisions"}],"predecessor-version":[{"id":197592,"href":"https:\/\/diarioregionaldigital.com.br\/index.php?rest_route=\/wp\/v2\/posts\/197589\/revisions\/197592"}],"wp:featuredmedia":[{"embeddable":true,"href":"https:\/\/diarioregionaldigital.com.br\/index.php?rest_route=\/wp\/v2\/media\/197590"}],"wp:attachment":[{"href":"https:\/\/diarioregionaldigital.com.br\/index.php?rest_route=%2Fwp%2Fv2%2Fmedia&parent=197589"}],"wp:term":[{"taxonomy":"category","embeddable":true,"href":"https:\/\/diarioregionaldigital.com.br\/index.php?rest_route=%2Fwp%2Fv2%2Fcategories&post=197589"},{"taxonomy":"post_tag","embeddable":true,"href":"https:\/\/diarioregionaldigital.com.br\/index.php?rest_route=%2Fwp%2Fv2%2Ftags&post=197589"}],"curies":[{"name":"wp","href":"https:\/\/api.w.org\/{rel}","templated":true}]}}