{"id":197586,"date":"2022-04-13T19:45:41","date_gmt":"2022-04-13T22:45:41","guid":{"rendered":"https:\/\/diarioregionaldigital.com.br\/?p=197586"},"modified":"2022-04-13T19:45:41","modified_gmt":"2022-04-13T22:45:41","slug":"governador-diz-que-recuperacao-fiscal-do-rio-esta-bem-encaminhada","status":"publish","type":"post","link":"https:\/\/diarioregionaldigital.com.br\/?p=197586","title":{"rendered":"Governador diz que recupera\u00e7\u00e3o fiscal do Rio est\u00e1 bem encaminhada"},"content":{"rendered":"<p>O Valor Bruto da Produ\u00e7\u00e3o Agropecu\u00e1ria (VBP) dever\u00e1 alcan\u00e7ar R$ 1,227 trilh\u00e3o este ano, 2,4% a mais do que o R$ 1,199 trilh\u00e3o registrado em 2021. A estimativa foi divulgada pela Secretaria de Pol\u00edtica Agr\u00edcola, do Minist\u00e9rio da Agricultura, Pecu\u00e1ria e Abastecimento (Mapa).<img decoding=\"async\" src=\"https:\/\/agenciabrasil.ebc.com.br\/ebc.png?id=1453604&amp;o=node\" \/><img decoding=\"async\" src=\"https:\/\/agenciabrasil.ebc.com.br\/ebc.gif?id=1453604&amp;o=node\" \/><\/p>\n<p>Segundo a secretaria, o crescimento do VBP dever\u00e1 ser registrado mesmo com a estiagem no Sul do pa\u00eds durante os meses de plantio, um dos principais fatores a impactar o resultado deste ano.<\/p>\n<p>\u201cEsses resultados podem ser atribu\u00eddos, em geral, aos aumentos de produ\u00e7\u00e3o e aos pre\u00e7os\u201d, diz nota da secretaria.<\/p>\n<p>O valor das lavouras, segundo ainda a secretaria, cresceu 7,5%, e o da pecu\u00e1ria sofreu uma retra\u00e7\u00e3o de 8,5% na rela\u00e7\u00e3o de um ano para outro.<\/p>\n<p>Os produtos com bom desempenho do VBP s\u00e3o o algod\u00e3o em pluma, aumento real de 42,2%; banana, 17,7%; batata inglesa, 11,4%; caf\u00e9, 55,7% (conillon e ar\u00e1bica); cana-de-a\u00e7\u00facar, 28,4%; feij\u00e3o, 8,7%; laranja, 10%; milho, 24,1%; tomate, 32,6%; e trigo, 4,8%.<\/p>\n<p>Fonte: Ag\u00eancia Brasil<\/p>\n","protected":false},"excerpt":{"rendered":"<p>O Valor Bruto da Produ\u00e7\u00e3o Agropecu\u00e1ria (VBP) dever\u00e1 alcan\u00e7ar R$ 1,227 trilh\u00e3o este ano, 2,4% a mais do que o R$ 1,199 trilh\u00e3o registrado em 2021. A estimativa foi divulgada pela Secretaria de Pol\u00edtica Agr\u00edcola, do Minist\u00e9rio da Agricultura, Pecu\u00e1ria e Abastecimento (Mapa). Segundo a secretaria, o crescimento do VBP dever\u00e1 ser registrado mesmo com [&hellip;]<\/p>\n","protected":false},"author":246,"featured_media":197587,"comment_status":"closed","ping_status":"closed","sticky":false,"template":"","format":"standard","meta":{"footnotes":""},"categories":[436,261,439],"tags":[],"class_list":["post-197586","post","type-post","status-publish","format-standard","has-post-thumbnail","hentry","category-destaque-da-semana","category-economia","category-ultima-hora"],"_links":{"self":[{"href":"https:\/\/diarioregionaldigital.com.br\/index.php?rest_route=\/wp\/v2\/posts\/197586","targetHints":{"allow":["GET"]}}],"collection":[{"href":"https:\/\/diarioregionaldigital.com.br\/index.php?rest_route=\/wp\/v2\/posts"}],"about":[{"href":"https:\/\/diarioregionaldigital.com.br\/index.php?rest_route=\/wp\/v2\/types\/post"}],"author":[{"embeddable":true,"href":"https:\/\/diarioregionaldigital.com.br\/index.php?rest_route=\/wp\/v2\/users\/246"}],"replies":[{"embeddable":true,"href":"https:\/\/diarioregionaldigital.com.br\/index.php?rest_route=%2Fwp%2Fv2%2Fcomments&post=197586"}],"version-history":[{"count":1,"href":"https:\/\/diarioregionaldigital.com.br\/index.php?rest_route=\/wp\/v2\/posts\/197586\/revisions"}],"predecessor-version":[{"id":197588,"href":"https:\/\/diarioregionaldigital.com.br\/index.php?rest_route=\/wp\/v2\/posts\/197586\/revisions\/197588"}],"wp:featuredmedia":[{"embeddable":true,"href":"https:\/\/diarioregionaldigital.com.br\/index.php?rest_route=\/wp\/v2\/media\/197587"}],"wp:attachment":[{"href":"https:\/\/diarioregionaldigital.com.br\/index.php?rest_route=%2Fwp%2Fv2%2Fmedia&parent=197586"}],"wp:term":[{"taxonomy":"category","embeddable":true,"href":"https:\/\/diarioregionaldigital.com.br\/index.php?rest_route=%2Fwp%2Fv2%2Fcategories&post=197586"},{"taxonomy":"post_tag","embeddable":true,"href":"https:\/\/diarioregionaldigital.com.br\/index.php?rest_route=%2Fwp%2Fv2%2Ftags&post=197586"}],"curies":[{"name":"wp","href":"https:\/\/api.w.org\/{rel}","templated":true}]}}