{"id":197582,"date":"2022-04-13T19:43:14","date_gmt":"2022-04-13T22:43:14","guid":{"rendered":"https:\/\/diarioregionaldigital.com.br\/?p=197582"},"modified":"2022-04-13T19:43:14","modified_gmt":"2022-04-13T22:43:14","slug":"lancamentos-de-imoveis-no-pais-tem-elevacao-de-42-diz-abrainc","status":"publish","type":"post","link":"https:\/\/diarioregionaldigital.com.br\/?p=197582","title":{"rendered":"Lan\u00e7amentos de im\u00f3veis no pa\u00eds tem eleva\u00e7\u00e3o de 42%, diz Abrainc"},"content":{"rendered":"<p>Os lan\u00e7amentos de im\u00f3veis no pa\u00eds somaram 57.028 unidades no \u00faltimo trimestre m\u00f3vel, que abrange novembro e dezembro de 2021 e janeiro de 2022, o que resultou em uma alta de 42% nos lan\u00e7amentos na compara\u00e7\u00e3o com o mesmo intervalo do ano anterior. Ao longo dos \u00faltimos 12 meses, encerrados em janeiro, a alta \u00e9 de 30%, com o total de 160.184 im\u00f3veis novos ante o mesmo per\u00edodo anterior.<img decoding=\"async\" src=\"https:\/\/agenciabrasil.ebc.com.br\/ebc.png?id=1453597&amp;o=node\" \/><img decoding=\"async\" src=\"https:\/\/agenciabrasil.ebc.com.br\/ebc.gif?id=1453597&amp;o=node\" \/><\/p>\n<p>Os dados s\u00e3o de\u00a0pesquisa realizada pela Associa\u00e7\u00e3o Brasileira de Incorporadoras Imobili\u00e1rias (ABRAINC) com 18 empresas associadas \u00e0 entidade.<\/p>\n<p>De acordo com as informa\u00e7\u00f5es, foram vendidas 33.623 unidades no \u00faltimo trimestre m\u00f3vel, o que representa um recuo de 7,0% em rela\u00e7\u00e3o ao volume comercializado no mesmo per\u00edodo anterior. No acumulado nos \u00faltimos 12 meses foram comercializadas 144.193 unidades, 3,7% a mais do que nos 12 meses anteriores.<\/p>\n<p>As vendas l\u00edquidas (volume de vendas excluindo-se as unidades distratadas no mesmo per\u00edodo) tiveram um recuo de 7,3% no \u00faltimo trimestre m\u00f3vel e crescimento de 4,8% no acumulado dos \u00faltimos 12 meses.<\/p>\n<h2>Casa Verde Amarela<\/h2>\n<p>Com rela\u00e7\u00e3o aos segmentos residenciais, foram lan\u00e7adas 30.529 unidades do programa Casa Verde Amarela (CVA) durante o \u00faltimo trimestre m\u00f3vel, o que representa um recuo de 5,3% em rela\u00e7\u00e3o ao registrado no mesmo per\u00edodo do ano anterior. Os lan\u00e7amentos do segmento totalizaram 92.410 no acumulado dos \u00faltimos 12 meses, o que corresponde a uma queda de 11,1% em rela\u00e7\u00e3o ao volume comercializado pelo segmento nos 12 meses anteriores.<\/p>\n<p>Segundo a pesquisa, comparativamente, as vendas associadas ao programa no \u00faltimo trimestre m\u00f3vel (24.177 unidades) recuaram 18,7% em rela\u00e7\u00e3o ao mesmo per\u00edodo do ano anterior, ao passo que, no acumulado em 12 meses, o volume comercializado no \u00e2mbito do programa habitacional brasileiro foi de 112.3711 unidades, declinando ligeiramente rela\u00e7\u00e3o \u00e0 soma ao resultado apurado no per\u00edodo precedente (-1,2%).<\/p>\n<p>\u201cOs empreendimentos associados ao CVA mantiveram sua representatividade entre unidades lan\u00e7adas (57,9%) e comercializadas (79,4%) nos \u00faltimos 12 meses, embora a lideran\u00e7a continue a declinar desde 2020, refletindo entraves pelo lado da oferta, como as regras e limites que definem o enquadramento de im\u00f3veis no programa, o n\u00edvel de subs\u00eddios e a alta dos pre\u00e7os de insumos da constru\u00e7\u00e3o, e da demanda, por conta da queda no rendimento m\u00e9dio das fam\u00edlias, especialmente as mais pobres\u201d, explicou a associa\u00e7\u00f5es.<\/p>\n<p>Contrastando com os resultados negativos do segmento mais popular do mercado\u00a0dom\u00e9stico, o n\u00famero de im\u00f3veis de m\u00e9dio e alto padr\u00e3o\u00a0lan\u00e7ados no \u00faltimo trimestre m\u00f3vel (26.493 unidades) representou uma eleva\u00e7\u00e3o de 235,7% em compara\u00e7\u00e3o ao mesmo per\u00edodo do ano anterior, contribuindo para uma alta de 250,5% no acumulado dos \u00faltimos 12 meses (67.299 unidades).<\/p>\n<p>Foram vendidas 8.788 unidades no trimestre m\u00f3vel, o que representa alta de 46,4% em rela\u00e7\u00e3o ao mesmo per\u00edodo de 2021, e 29.135 unidades, nos \u00faltimos 12 meses, crescimento de 26,8% em compara\u00e7\u00e3o aos 12 meses anteriores.<\/p>\n<p>\u201cVale a pena destacar o desempenho do segmento de m\u00e9dio e alto padr\u00e3o no \u00e2mbito das vendas l\u00edquidas, que teve crescimento de 51,1% no \u00faltimo trimestre m\u00f3vel e de 32,5%, nos \u00faltimos 12 meses, e na rela\u00e7\u00e3o distratos-vendas que recuou 2,9 pontos percentuais no \u00faltimo trimestre m\u00f3vel e 3,8 pontos percentuais, na m\u00e9dia dos \u00faltimos 12 meses\u201d, disse a Abrainc.<\/p>\n<p>Fonte: Ag\u00eancia Brasil<\/p>\n","protected":false},"excerpt":{"rendered":"<p>Os lan\u00e7amentos de im\u00f3veis no pa\u00eds somaram 57.028 unidades no \u00faltimo trimestre m\u00f3vel, que abrange novembro e dezembro de 2021 e janeiro de 2022, o que resultou em uma alta de 42% nos lan\u00e7amentos na compara\u00e7\u00e3o com o mesmo intervalo do ano anterior. Ao longo dos \u00faltimos 12 meses, encerrados em janeiro, a alta \u00e9 [&hellip;]<\/p>\n","protected":false},"author":246,"featured_media":197583,"comment_status":"closed","ping_status":"closed","sticky":false,"template":"","format":"standard","meta":{"footnotes":""},"categories":[436,440,261,439],"tags":[],"class_list":["post-197582","post","type-post","status-publish","format-standard","has-post-thumbnail","hentry","category-destaque-da-semana","category-destaques-do-dia","category-economia","category-ultima-hora"],"_links":{"self":[{"href":"https:\/\/diarioregionaldigital.com.br\/index.php?rest_route=\/wp\/v2\/posts\/197582","targetHints":{"allow":["GET"]}}],"collection":[{"href":"https:\/\/diarioregionaldigital.com.br\/index.php?rest_route=\/wp\/v2\/posts"}],"about":[{"href":"https:\/\/diarioregionaldigital.com.br\/index.php?rest_route=\/wp\/v2\/types\/post"}],"author":[{"embeddable":true,"href":"https:\/\/diarioregionaldigital.com.br\/index.php?rest_route=\/wp\/v2\/users\/246"}],"replies":[{"embeddable":true,"href":"https:\/\/diarioregionaldigital.com.br\/index.php?rest_route=%2Fwp%2Fv2%2Fcomments&post=197582"}],"version-history":[{"count":2,"href":"https:\/\/diarioregionaldigital.com.br\/index.php?rest_route=\/wp\/v2\/posts\/197582\/revisions"}],"predecessor-version":[{"id":197585,"href":"https:\/\/diarioregionaldigital.com.br\/index.php?rest_route=\/wp\/v2\/posts\/197582\/revisions\/197585"}],"wp:featuredmedia":[{"embeddable":true,"href":"https:\/\/diarioregionaldigital.com.br\/index.php?rest_route=\/wp\/v2\/media\/197583"}],"wp:attachment":[{"href":"https:\/\/diarioregionaldigital.com.br\/index.php?rest_route=%2Fwp%2Fv2%2Fmedia&parent=197582"}],"wp:term":[{"taxonomy":"category","embeddable":true,"href":"https:\/\/diarioregionaldigital.com.br\/index.php?rest_route=%2Fwp%2Fv2%2Fcategories&post=197582"},{"taxonomy":"post_tag","embeddable":true,"href":"https:\/\/diarioregionaldigital.com.br\/index.php?rest_route=%2Fwp%2Fv2%2Ftags&post=197582"}],"curies":[{"name":"wp","href":"https:\/\/api.w.org\/{rel}","templated":true}]}}