{"id":197579,"date":"2022-04-13T02:17:18","date_gmt":"2022-04-13T05:17:18","guid":{"rendered":"https:\/\/diarioregionaldigital.com.br\/?p=197579"},"modified":"2022-04-13T02:17:18","modified_gmt":"2022-04-13T05:17:18","slug":"assembleia-geral-industria-de-papeis-sudeste-13-04-2022","status":"publish","type":"post","link":"https:\/\/diarioregionaldigital.com.br\/?p=197579","title":{"rendered":"Assembleia Geral &#8211; Ind\u00fastria de Pap\u00e9is Sudeste &#8211; 13\/04\/2022"},"content":{"rendered":"<p style=\"text-align: center;\"><strong>COOPERATIVA DE ECONOMIA E CR\u00c9DITO M\u00daTUO DOS EMPREGADOS DA IND\u00daSTRIA DE PAP\u00c9IS SUDESTE &#8211; LTDA \u2013 CNPJ N\u00ba 18.340.695\/0001-16, AV. ANT\u00d4NIO SIM\u00c3O FIRJAN, N\u00ba 1.265, DISTRITO INDUSTRIAL, JUIZ DE FORA \u2013 MG, CEP. 36.092-000<\/strong><\/p>\n<p style=\"text-align: center;\"><strong>Edital de Convoca\u00e7\u00e3o da <\/strong><\/p>\n<p style=\"text-align: center;\"><strong>Assembleia Geral Ordin\u00e1ria<\/strong><\/p>\n<p>O Diretor Presidente da Cooperativa de Economia e Cr\u00e9dito M\u00fatuo dos Empregados da Ind\u00fastria de Pap\u00e9is Sudeste Ltda \u2013 CREDESTE, Sr. Pedro Andr\u00e9 Nascimento Chagas, no uso das atribui\u00e7\u00f5es que lhe confere o Estatuto Social, convoca os associados, que nesta data s\u00e3o em n\u00famero de 430 (Quatrocentos e trinta), em condi\u00e7\u00f5es de votar, para se reunirem em Assembleia Geral Ordin\u00e1ria, a realizar-se nas depend\u00eancias do condom\u00ednio Industrial Parque Norte em sua sede social, \u00e0 Av. Ant\u00f4nio Sim\u00e3o Firjan, n\u00ba 1.265, Distrito Industrial, na Cidade de Juiz de Fora &#8211; Minas Gerais, no dia <strong>26 de abril de 2022<\/strong>, \u00e0s 13:00 horas, com a presen\u00e7a de 2\/3 (dois ter\u00e7os) dos associados, em primeira convoca\u00e7\u00e3o; \u00e0s 14:00 horas, com a presen\u00e7a de metade mais um dos associados, em segunda convoca\u00e7\u00e3o; ou \u00e0s 15:00 horas, com a presen\u00e7a de no m\u00ednimo 10 (dez) associados, em terceira convoca\u00e7\u00e3o, para deliberar sobre os seguintes assuntos, que comp\u00f5em a ordem do dia:<\/p>\n<p style=\"text-align: center;\"><strong>ASSEMBLEIA GERAL ORDIN\u00c1RIA<\/strong><\/p>\n<ol>\n<li>Relat\u00f3rio de gest\u00e3o, parecer do Conselho Fiscal e presta\u00e7\u00e3o das contas do exerc\u00edcio findo em 31\/12\/2021;<\/li>\n<li>Destina\u00e7\u00e3o das sobras apuradas e sua f\u00f3rmula de c\u00e1lculo do rateio;<\/li>\n<li>Elei\u00e7\u00e3o dos componentes do Conselho de Administra\u00e7\u00e3o e Fiscal da Cooperativa;<\/li>\n<li>Fixa\u00e7\u00e3o dos valores do pr\u00f3-labore e c\u00e9dula de presen\u00e7a dos membros do Conselho de Administra\u00e7\u00e3o\/Diretoria e do Conselho Fiscal;<\/li>\n<li>Utiliza\u00e7\u00e3o do FATES;<\/li>\n<li>Outros assuntos de interesse social.<\/li>\n<\/ol>\n<p><strong>Notas<\/strong><\/p>\n<p>1.O Sr. Presidente esclarece que, em virtude da pandemia por conta do COVID-19. Nesse sentido, informa que ser\u00e3o observadas todas as medidas de seguran\u00e7a no que tange disponibiliza\u00e7\u00e3o de \u00e1lcool em gel e distanciamento m\u00ednimo entre as pessoas para realiza\u00e7\u00e3o segura da reuni\u00e3o.<\/p>\n<p>2.Conforme determina a Resolu\u00e7\u00e3o CMN 4.434\/2015, em seu artigo 46, as Demonstra\u00e7\u00f5es Cont\u00e1beis do exerc\u00edcio de 2021, bem como, o Relat\u00f3rio de gest\u00e3o, parecer do Conselho Fiscal e presta\u00e7\u00e3o das contas do exerc\u00edcio findo em 31\/12\/2021, foram publicados no site da cooperativa em 20.03.2021 e desde ent\u00e3o est\u00e3o dispon\u00edveis para todos associados.<\/p>\n<p style=\"text-align: center;\"><strong>Juiz de Fora, 13 de abril de 2022.<\/strong><\/p>\n<p style=\"text-align: center;\"><strong>Pedro Andr\u00e9 Nascimento Chagas<\/strong><\/p>\n<p style=\"text-align: center;\"><strong>Diretor Presidente<\/strong><\/p>\n","protected":false},"excerpt":{"rendered":"<p>COOPERATIVA DE ECONOMIA E CR\u00c9DITO M\u00daTUO DOS EMPREGADOS DA IND\u00daSTRIA DE PAP\u00c9IS SUDESTE &#8211; LTDA \u2013 CNPJ N\u00ba 18.340.695\/0001-16, AV. ANT\u00d4NIO SIM\u00c3O FIRJAN, N\u00ba 1.265, DISTRITO INDUSTRIAL, JUIZ DE FORA \u2013 MG, CEP. 36.092-000 Edital de Convoca\u00e7\u00e3o da Assembleia Geral Ordin\u00e1ria O Diretor Presidente da Cooperativa de Economia e Cr\u00e9dito M\u00fatuo dos Empregados da Ind\u00fastria [&hellip;]<\/p>\n","protected":false},"author":96,"featured_media":0,"comment_status":"closed","ping_status":"closed","sticky":false,"template":"","format":"standard","meta":{"footnotes":""},"categories":[307],"tags":[],"class_list":["post-197579","post","type-post","status-publish","format-standard","hentry","category-editais"],"_links":{"self":[{"href":"https:\/\/diarioregionaldigital.com.br\/index.php?rest_route=\/wp\/v2\/posts\/197579","targetHints":{"allow":["GET"]}}],"collection":[{"href":"https:\/\/diarioregionaldigital.com.br\/index.php?rest_route=\/wp\/v2\/posts"}],"about":[{"href":"https:\/\/diarioregionaldigital.com.br\/index.php?rest_route=\/wp\/v2\/types\/post"}],"author":[{"embeddable":true,"href":"https:\/\/diarioregionaldigital.com.br\/index.php?rest_route=\/wp\/v2\/users\/96"}],"replies":[{"embeddable":true,"href":"https:\/\/diarioregionaldigital.com.br\/index.php?rest_route=%2Fwp%2Fv2%2Fcomments&post=197579"}],"version-history":[{"count":1,"href":"https:\/\/diarioregionaldigital.com.br\/index.php?rest_route=\/wp\/v2\/posts\/197579\/revisions"}],"predecessor-version":[{"id":197580,"href":"https:\/\/diarioregionaldigital.com.br\/index.php?rest_route=\/wp\/v2\/posts\/197579\/revisions\/197580"}],"wp:attachment":[{"href":"https:\/\/diarioregionaldigital.com.br\/index.php?rest_route=%2Fwp%2Fv2%2Fmedia&parent=197579"}],"wp:term":[{"taxonomy":"category","embeddable":true,"href":"https:\/\/diarioregionaldigital.com.br\/index.php?rest_route=%2Fwp%2Fv2%2Fcategories&post=197579"},{"taxonomy":"post_tag","embeddable":true,"href":"https:\/\/diarioregionaldigital.com.br\/index.php?rest_route=%2Fwp%2Fv2%2Ftags&post=197579"}],"curies":[{"name":"wp","href":"https:\/\/api.w.org\/{rel}","templated":true}]}}