{"id":197567,"date":"2022-04-12T21:33:03","date_gmt":"2022-04-13T00:33:03","guid":{"rendered":"https:\/\/diarioregionaldigital.com.br\/?p=197567"},"modified":"2022-04-12T21:33:03","modified_gmt":"2022-04-13T00:33:03","slug":"documentario-destaca-riqueza-cultural-na-periferia-de-jf","status":"publish","type":"post","link":"https:\/\/diarioregionaldigital.com.br\/?p=197567","title":{"rendered":"Document\u00e1rio destaca riqueza cultural na periferia de JF"},"content":{"rendered":"<p>Segundo informa\u00e7\u00f5es do site da Prefeitura de Juiz de Fora, registrar a riqueza cultural existente na periferia de Juiz de Fora \u00e9 o objetivo do document\u00e1rio \u201cNa Quebrada Tem Artista\u201d, realizado por Daiane Gon\u00e7alves, a MC Dhada, com financiamento do Programa Cultural Murilo Mendes, mantido pela Prefeitura de Juiz de Fora (PJF) e gerenciado pela Funda\u00e7\u00e3o Cultural Alfredo Ferreira Lage (Funalfa). <a href=\"https:\/\/youtube.com\/playlist?list=PLHso312GePKRZlx-R8YbP3wJNQSqwGVYi\"><strong>O trabalho<\/strong><\/a>\u00a0revela a realidade de artistas residentes no bairro Santa C\u00e2ndida, Zona Leste da cidade, apresentando suas dificuldades, a luta por patroc\u00ednio, a falta de estrutura para execu\u00e7\u00e3o dos projetos e a busca por caminhos alternativos que viabilizem a produ\u00e7\u00e3o e o escoamento de sua arte.<\/p>\n<p>MC Dhada conta que o document\u00e1rio foi realizado com uma c\u00e2mera Canon e dividido em 17 epis\u00f3dios, que somam tr\u00eas horas e 25 minutos de v\u00eddeo. \u201cTemos entrevistas com as artistas e os artistas, al\u00e9m das apresenta\u00e7\u00f5es deles. A ideia \u00e9 mostrar que existem pessoas na periferia da cidade em quem as nossas crian\u00e7as podem se inspirar, mas que precisam de mais visibilidade e oportunidade. Em resumo, queremos mostrar que existem muitos artistas e muitas artistas fora do eixo central da cidade, tentando viver da arte que produzem, seja MC, DJ, dan\u00e7arino, poeta, digital influencer e muitos outros,\u201d afirma MC Dhada, que assina a dire\u00e7\u00e3o e o roteiro.<\/p>\n<p>A equipe de produ\u00e7\u00e3o \u00e9 formada por MC Dhada, Matthew Pereira, Fernanda Vieira, Ros\u00e2ngela Gon\u00e7alves, DJ Potty e Gustavo Faria. Todas as cenas foram gravadas por DhayGon Studio e os artistas registrados na produ\u00e7\u00e3o s\u00e3o: Dojo Brasil Luta, Pietra Almeida, Sophiah Victoria, Julia Victoria, Erick Prott, MC Dhada, MC Xuxu, Beatriz Oliveira, Eduardo Moriah, Matthew Pereira, Julio Mallone e DJ Potty.<\/p>\n<p>O patroc\u00ednio do document\u00e1rio \u201cNa Quebrada Tem Artista\u201d acontece por meio do Edital Cultura da\/na Quebrada, lan\u00e7ado pela Funalfa, com foco em\u00a0projetos de conte\u00fado art\u00edstico-cultural que promovam o protagonismo dos agentes culturais de periferia, com atividades voltadas para as frentes de Direito \u00e0 Cidade, Promo\u00e7\u00e3o da Dignidade de Popula\u00e7\u00f5es e Comunidades, G\u00eanero, Enfrentamento ao Racismo e Combate \u00e0 Viol\u00eancia.<\/p>\n","protected":false},"excerpt":{"rendered":"<p>Segundo informa\u00e7\u00f5es do site da Prefeitura de Juiz de Fora, registrar a riqueza cultural existente na periferia de Juiz de Fora \u00e9 o objetivo do document\u00e1rio \u201cNa Quebrada Tem Artista\u201d, realizado por Daiane Gon\u00e7alves, a MC Dhada, com financiamento do Programa Cultural Murilo Mendes, mantido pela Prefeitura de Juiz de Fora (PJF) e gerenciado pela [&hellip;]<\/p>\n","protected":false},"author":246,"featured_media":197568,"comment_status":"closed","ping_status":"closed","sticky":false,"template":"","format":"standard","meta":{"footnotes":""},"categories":[253,436,439],"tags":[],"class_list":["post-197567","post","type-post","status-publish","format-standard","has-post-thumbnail","hentry","category-cidade","category-destaque-da-semana","category-ultima-hora"],"_links":{"self":[{"href":"https:\/\/diarioregionaldigital.com.br\/index.php?rest_route=\/wp\/v2\/posts\/197567","targetHints":{"allow":["GET"]}}],"collection":[{"href":"https:\/\/diarioregionaldigital.com.br\/index.php?rest_route=\/wp\/v2\/posts"}],"about":[{"href":"https:\/\/diarioregionaldigital.com.br\/index.php?rest_route=\/wp\/v2\/types\/post"}],"author":[{"embeddable":true,"href":"https:\/\/diarioregionaldigital.com.br\/index.php?rest_route=\/wp\/v2\/users\/246"}],"replies":[{"embeddable":true,"href":"https:\/\/diarioregionaldigital.com.br\/index.php?rest_route=%2Fwp%2Fv2%2Fcomments&post=197567"}],"version-history":[{"count":1,"href":"https:\/\/diarioregionaldigital.com.br\/index.php?rest_route=\/wp\/v2\/posts\/197567\/revisions"}],"predecessor-version":[{"id":197569,"href":"https:\/\/diarioregionaldigital.com.br\/index.php?rest_route=\/wp\/v2\/posts\/197567\/revisions\/197569"}],"wp:featuredmedia":[{"embeddable":true,"href":"https:\/\/diarioregionaldigital.com.br\/index.php?rest_route=\/wp\/v2\/media\/197568"}],"wp:attachment":[{"href":"https:\/\/diarioregionaldigital.com.br\/index.php?rest_route=%2Fwp%2Fv2%2Fmedia&parent=197567"}],"wp:term":[{"taxonomy":"category","embeddable":true,"href":"https:\/\/diarioregionaldigital.com.br\/index.php?rest_route=%2Fwp%2Fv2%2Fcategories&post=197567"},{"taxonomy":"post_tag","embeddable":true,"href":"https:\/\/diarioregionaldigital.com.br\/index.php?rest_route=%2Fwp%2Fv2%2Ftags&post=197567"}],"curies":[{"name":"wp","href":"https:\/\/api.w.org\/{rel}","templated":true}]}}