{"id":197564,"date":"2022-04-12T21:30:49","date_gmt":"2022-04-13T00:30:49","guid":{"rendered":"https:\/\/diarioregionaldigital.com.br\/?p=197564"},"modified":"2022-04-12T21:30:49","modified_gmt":"2022-04-13T00:30:49","slug":"operacao-tapa-buracos-do-programa-boniteza-atende-mais-de-15-vias-nesta-terca-feira-12","status":"publish","type":"post","link":"https:\/\/diarioregionaldigital.com.br\/?p=197564","title":{"rendered":"Opera\u00e7\u00e3o tapa-buracos do Programa Boniteza atende mais de 15 vias nesta ter\u00e7a-feira, 12"},"content":{"rendered":"<p>Segundo informa\u00e7\u00f5es do site da Prefeitura de Juiz de Fora, o\u00a0Programa Boniteza segue avan\u00e7ando com a opera\u00e7\u00e3o tapa-buracos, que j\u00e1 atendeu e beneficiou diversas vias de Juiz de Fora. Nesta ter\u00e7a-feira, as equipes da Empresa Municipal de Pavimenta\u00e7\u00e3o e Urbaniza\u00e7\u00e3o (Empav) estiveram em 12 bairros com servi\u00e7os de recomposi\u00e7\u00e3o asf\u00e1ltica (tapa-buraco) e no Bosque dos Pinheiros dando sequ\u00eancia a pavimenta\u00e7\u00e3o na Rua Jo\u00e3o Theod\u00f3sio de Ara\u00fajo.<\/p>\n<p>No bairro Manoel Hon\u00f3rio a opera\u00e7\u00e3o tapa-buracos segue em andamento e as ruas Am\u00e9rico Luz e Inconfidentes foram atendidas pelos trabalhadores com servi\u00e7o de recomposi\u00e7\u00e3o asf\u00e1ltica.<\/p>\n<p>&nbsp;<\/p>\n<p><strong>Confira abaixo a lista completa de locais atendidos nesta ter\u00e7a-feira, 12:<\/strong><\/p>\n<p>&nbsp;<\/p>\n<p><strong>Recomposi\u00e7\u00e3o asf\u00e1tica (tapa-buraco):<\/strong><\/p>\n<p>Avenida Juiz de Fora*<\/p>\n<p>Rua Maria Guilhermina Rabelo, Granjas Guaruj\u00e1*<\/p>\n<p>Rua Waldemar Machado Mendon\u00e7a, Industrial*<\/p>\n<p>Rua Avelino Milagres, Industrial*<\/p>\n<p>Rua C\u00f4nego Roussim, Industrial*<\/p>\n<p>Rua Romeu Pastori, Bom Jardim*<\/p>\n<p>Rua Alexandre Vicentin, Jardim do Sol<\/p>\n<p>Rua Coronel Quint\u00e3o, Monte Castelo*<\/p>\n<p>Rua Itatiaia, Monte Castelo**<\/p>\n<p>Rua Elmaia Cunha, Jardim de Al\u00e1*<\/p>\n<p>Av. Brasil, Centro<\/p>\n<p>Rua Curitiba, Aeroporto**<\/p>\n<p>Rua M\u00e1rio Crispim, Recanto dos Brugger**<\/p>\n<p>Rua Am\u00e9rico Luz, Manoel Hon\u00f3rio*<\/p>\n<p>Rua dos Inconfidentes, Manoel Hon\u00f3rio*<\/p>\n<p>Rua J\u00falio Dion\u00edsio Cardoso, Distrito Industrial*<\/p>\n<p>&nbsp;<\/p>\n<p><strong>Pavimenta\u00e7\u00e3o asf\u00e1ltica:<\/strong><\/p>\n<p>Rua Jo\u00e3o Theod\u00f3sio de Ara\u00fajo, Bosque dos Pinheiros<\/p>\n<p>&nbsp;<\/p>\n<p><strong>*continua\u00e7\u00e3o dos servi\u00e7os<\/strong><\/p>\n<p><strong>**servi\u00e7os a serem iniciados<\/strong><\/p>\n","protected":false},"excerpt":{"rendered":"<p>Segundo informa\u00e7\u00f5es do site da Prefeitura de Juiz de Fora, o\u00a0Programa Boniteza segue avan\u00e7ando com a opera\u00e7\u00e3o tapa-buracos, que j\u00e1 atendeu e beneficiou diversas vias de Juiz de Fora. Nesta ter\u00e7a-feira, as equipes da Empresa Municipal de Pavimenta\u00e7\u00e3o e Urbaniza\u00e7\u00e3o (Empav) estiveram em 12 bairros com servi\u00e7os de recomposi\u00e7\u00e3o asf\u00e1ltica (tapa-buraco) e no Bosque dos [&hellip;]<\/p>\n","protected":false},"author":246,"featured_media":197565,"comment_status":"closed","ping_status":"closed","sticky":false,"template":"","format":"standard","meta":{"footnotes":""},"categories":[253,436,439],"tags":[],"class_list":["post-197564","post","type-post","status-publish","format-standard","has-post-thumbnail","hentry","category-cidade","category-destaque-da-semana","category-ultima-hora"],"_links":{"self":[{"href":"https:\/\/diarioregionaldigital.com.br\/index.php?rest_route=\/wp\/v2\/posts\/197564","targetHints":{"allow":["GET"]}}],"collection":[{"href":"https:\/\/diarioregionaldigital.com.br\/index.php?rest_route=\/wp\/v2\/posts"}],"about":[{"href":"https:\/\/diarioregionaldigital.com.br\/index.php?rest_route=\/wp\/v2\/types\/post"}],"author":[{"embeddable":true,"href":"https:\/\/diarioregionaldigital.com.br\/index.php?rest_route=\/wp\/v2\/users\/246"}],"replies":[{"embeddable":true,"href":"https:\/\/diarioregionaldigital.com.br\/index.php?rest_route=%2Fwp%2Fv2%2Fcomments&post=197564"}],"version-history":[{"count":1,"href":"https:\/\/diarioregionaldigital.com.br\/index.php?rest_route=\/wp\/v2\/posts\/197564\/revisions"}],"predecessor-version":[{"id":197566,"href":"https:\/\/diarioregionaldigital.com.br\/index.php?rest_route=\/wp\/v2\/posts\/197564\/revisions\/197566"}],"wp:featuredmedia":[{"embeddable":true,"href":"https:\/\/diarioregionaldigital.com.br\/index.php?rest_route=\/wp\/v2\/media\/197565"}],"wp:attachment":[{"href":"https:\/\/diarioregionaldigital.com.br\/index.php?rest_route=%2Fwp%2Fv2%2Fmedia&parent=197564"}],"wp:term":[{"taxonomy":"category","embeddable":true,"href":"https:\/\/diarioregionaldigital.com.br\/index.php?rest_route=%2Fwp%2Fv2%2Fcategories&post=197564"},{"taxonomy":"post_tag","embeddable":true,"href":"https:\/\/diarioregionaldigital.com.br\/index.php?rest_route=%2Fwp%2Fv2%2Ftags&post=197564"}],"curies":[{"name":"wp","href":"https:\/\/api.w.org\/{rel}","templated":true}]}}