{"id":197561,"date":"2022-04-12T21:25:13","date_gmt":"2022-04-13T00:25:13","guid":{"rendered":"https:\/\/diarioregionaldigital.com.br\/?p=197561"},"modified":"2022-04-12T21:25:13","modified_gmt":"2022-04-13T00:25:13","slug":"motoristas-devem-ficar-atentos-a-passagem-de-procissoes-durante-a-semana-santa","status":"publish","type":"post","link":"https:\/\/diarioregionaldigital.com.br\/?p=197561","title":{"rendered":"Motoristas devem ficar atentos \u00e0 passagem de prociss\u00f5es durante a Semana Santa"},"content":{"rendered":"<p>Segundo informa\u00e7\u00f5es do site da Prefeitura de Juiz de Fora, com a celebra\u00e7\u00e3o da Semana Santa, diversas prociss\u00f5es j\u00e1 come\u00e7aram a ser realizadas nas vias da cidade. A Secretaria de Mobilidade Urbana (SMU) alerta os motoristas para a possibilidade de interdi\u00e7\u00f5es pontuais no tr\u00e2nsito durante a passagem dos cortejos nos bairros e na regi\u00e3o central. Nesta ter\u00e7a-feira, 12, est\u00e3o programadas prociss\u00f5es das igrejas do S\u00e3o Mateus, Mundo Novo, Benfica, Bonfim, Francisco Bernardino, Dom Bosco, Graja\u00fa, Monte Castelo e Nossa Senhora Aparecida.<\/p>\n<p>No Centro, na sexta-feira, 15, a pista lateral da Avenida Rio Branco, no sentido Centro\/Bom Pastor, entre a Rua Floriano Peixoto e Fernando Lobo, passar\u00e1 por interdi\u00e7\u00f5es para passagem dos fi\u00e9is entre 19h e 21 horas. A prociss\u00e3o inicia na Catedral e em seguida passa pelas ruas Fernando Lobo, Santo Ant\u00f4nio, Floriano Peixoto, pista lateral da Avenida Rio Branco at\u00e9 o retorno \u00e0 Catedral Metropolitana.<\/p>\n<p><strong>Dia 13 de abril, quarta-feira:<\/strong><\/p>\n<p>Bairro Santa Rita<\/p>\n<p>&#8211; 19h: prociss\u00e3o com sa\u00edda da Comunidade S\u00e3o Judas Tadeu, localizada na Rua Jos\u00e9 Vicente, seguindo para a Comunidade Santa Maria localizada na Rua Jos\u00e9 Vicente.<br \/>\nBairro Graja\u00fa<\/p>\n<p>&#8211; 19h30: Via Sacra com sa\u00edda \u00e0s 19h30 da Capela Nossa Senhora de Lourdes, seguindo pelas ruas Miguel Jacob, Rosa Sffeir e Raulina Magalh\u00e3es at\u00e9 chegar \u00e0 Igreja Nossa Senhora do L\u00edbano.<br \/>\nBairro Monte Castelo<\/p>\n<p>&#8211; 19h30: prociss\u00e3o pelas ruas Bernardo Mascarenhas, Eduardo Weiss, Lu\u00eds Andr\u00e9 Hagen, Luiz Baltazar Eberle e Amambai.<\/p>\n<p>&#8211; 20h30: prociss\u00e3o pelas ruas Maria Menon Tedesco, Eunice Waever, Helena Bittencourt, Pedro Ronzani, Maria Geralda de Freitas, Benvindo de Assis Lopes, Cel. Quint\u00e3o, Branca Mascarenhas, Itatiaia, Baturite, Luiz Baltazar Eberle e Amambai.<br \/>\nBairro Benfica<\/p>\n<p>-19h45: prociss\u00e3o pelas ruas Jo\u00e3o Ribeiro de Novaes, Ana Sales, Guararapes, In\u00eas Garcia, Mar\u00edlia, Tom\u00e9 de Souza at\u00e9 a Igreja Matriz.<\/p>\n<p>-20h: prociss\u00e3o pelas ruas Francisco Esteves de Oliveira, Henrique Dias, Guararapes at\u00e9 a Igreja Matriz.<br \/>\n<strong>Dia 15 de abril, sexta-feira:<\/strong><\/p>\n<p>Centro<\/p>\n<p>-19h: prociss\u00e3o inicia na Catedral Metropolitana e em seguida passa pelas ruas Fernando Lobo, Santo Ant\u00f4nio, Floriano Peixoto, pista lateral da Avenida Rio Branco at\u00e9 a catedral.<\/p>\n<p>Bairro S\u00e3o Mateus<\/p>\n<p>&#8211; 6h: sa\u00edda da Igreja S\u00e3o Mateus percorrendo as ruas Moraes e Castro, Tavares Bastos, Lu\u00eds de Cam\u00f5es, Moraes e Castro, 21 de abril, Cel Barros e S\u00e3o Mateus, retornando \u00e0 igreja.<\/p>\n<p>&#8211; 20h: Interdi\u00e7\u00e3o total no cruzamento das ruas S\u00e3o Mateus, Moraes e Castro e Monsenhor Gustavo Freire. Ap\u00f3s o serm\u00e3o, a prociss\u00e3o segue pelas ruas S\u00e3o Mateus, Ant\u00f4nio Passarela, Mamor\u00e9, H\u00e9lio Ruy de Melo e S\u00e3o Mateus, concluindo na Igreja S\u00e3o Mateus.<br \/>\nBairro Francisco Bernardino<\/p>\n<p>&#8211; 19h: prociss\u00e3o saindo da Igreja Matriz localizada na Avenida Presidente Juscelino Kubitschek 790, seguindo pelas ruas Tom\u00e1z Gonzaga, Bertha Halfeld Paleta, Manoel Diniz da Silva, Professor Meton de Alencar, Ivan Batista de Oliveira, Dr. Milton Ladeira, Jatob\u00e1 chegando na Comunidade Nossa Senhora da Miseric\u00f3rdia localizada na Rua Sapucaia 410, no bairro Amaz\u00f4nia.<br \/>\nBairro Bonfim<\/p>\n<p>&#8211; 19h: prociss\u00e3o com sa\u00edda da Igreja Santa Rita de C\u00e1ssia seguindo pelas ruas Bar\u00e3o do Retiro, Carlos Alves, Ipiranga, e retornando pela Rua Bar\u00e3o do Retiro at\u00e9 a igreja.<br \/>\nBairro Monte Castelo<\/p>\n<p>&#8211; 19h: prociss\u00e3o nas ruas Amambai, Luiz Baltazar Eberle, En\u00e9as Mascarenhas, Oswaldo Mascarenhas, Branca Mascarenhas, Itatiaia, Palmares, En\u00e9as Mascarenhas, Luiz Baltazar Eberle e Amambai.<br \/>\nBairro S\u00e3o Pedro<\/p>\n<p>&#8211; 5h: caminhada da Igreja de S\u00e3o Pedro em dire\u00e7\u00e3o \u00e0 Igreja de Nossa Senhora da Penha, no bairro Santos Dumont, percorrendo as ruas Jos\u00e9 Louren\u00e7o, Roberto Stiegert, Avenida Presidente Costa e Silva, \u00c1lvaro Jos\u00e9 Rodrigues, Dr. Ferdinando Cyrne, Vilas Bou\u00e7adas, Esteves Pyramides Filho, Professor Jos\u00e9 Barata, Jos\u00e9 Ven\u00e2ncio Rabelo at\u00e9 a Igreja Nossa Senhora da Penha.<br \/>\nBairro Benfica<\/p>\n<p>-6h &#8211; caminhada da Igreja Matriz para a comunidade do Divino<br \/>\nBairro Graja\u00fa<\/p>\n<p>&#8211; 20h30: sa\u00edda da Igreja Nossa Senhora do L\u00edbano seguindo pelas ruas Raulina Magalh\u00e3es, Nossa Senhora do L\u00edbano, Vitorino Braga, Capit\u00e3o Bicalho e retornando \u00e0 igreja.<br \/>\nDia 16 de abril, s\u00e1bado:<\/p>\n<p>Bairro S\u00e3o Mateus<\/p>\n<p>&#8211; 6h: saindo da Igreja S\u00e3o Mateus percorre as ruas Monsenhor Gustavo Freire, Manoel<\/p>\n<p>Bernardino, Pra\u00e7a Jarbas Lery, Dr. Romualdo e S\u00e3o Mateus retornando para a igreja.<\/p>\n<p>&#8211; 8h: concentra\u00e7\u00e3o na Rua Cruzador Bahia saindo a prociss\u00e3o em dire\u00e7\u00e3o a Igreja Imaculada Concei\u00e7\u00e3o pelas ruas Mons. Gustavo, Vicente Begheli e Imaculada Concei\u00e7\u00e3o<br \/>\nBairro Santa Rita<\/p>\n<p>&#8211; 19h: prociss\u00e3o com sa\u00edda da Comunidade S\u00e3o Judas Tadeu, localizada na Rua Jos\u00e9 Vicente, seguindo para a Comunidade Santa Maria localizada na Rua Jos\u00e9 Vicente.<br \/>\nBairro Monte Castelo:<\/p>\n<p>&#8211; 21h30: prociss\u00e3o na Rua Amambai, Travessa Capit\u00e3o Ar\u00e3o, Rua Luiz Baltazar Eberle e Rua Amambai<br \/>\nDia 17, domingo:<\/p>\n<p>Bairro Francisco Bernardino<\/p>\n<p>&#8211; 7h: prociss\u00e3o saindo da Comunidade Nossa Senhora da Paz localizada na Rua Jo\u00e3o Leite de Oliveira, seguindo pelas ruas Ab\u00edlio Gomes e Tom\u00e1z Gonzaga, chegando na Igreja Matriz localizada na Avenida Presidente Juscelino Kubitschek 790.<br \/>\nBairro Monte Castelo<\/p>\n<p>&#8211; 8h e 19h: prociss\u00e3o nas ruas Mariano Fontes, Osmar Cortes Claro, Eunice Waever e Jos\u00e9 Martins da Silva.<\/p>\n<p>&#8211; 20h30: prociss\u00e3o nas ruas Amambai, Norberto Gerhein, Osmar Cortes Claro, Mariano Fontes, Jos\u00e9 Martins da Silva e Eunice Weaver.<\/p>\n<p>Bairro Encosta do Sol<\/p>\n<p>-8h e 9h: prociss\u00e3o saindo da Comunidade Santa Clara localizada na Rua Ivan Batista de Oliveira no Milho Branco, seguindo pelas ruas, Dr. Milton Ladeira, Jatob\u00e1, Sapucaia chegando na comunidade Nossa Senhora da Miseric\u00f3rdia.<br \/>\nBairro S\u00e3o Pedro<\/p>\n<p>&#8211; 8h: carreata pelas ruas Liduino Vieira dos Reis, Professor Vilas Bou\u00e7adas, Oct\u00e1vio Malvaccini, Avenida Senhor dos Passos at\u00e9 o bairro Cai\u00e7aras onde ser\u00e1 feito o retorno at\u00e9 a Igreja S\u00e3o Pedro.<br \/>\nBairro Jardim Natal<\/p>\n<p>&#8211; 18h30: prociss\u00e3o saindo da Comunidade Nossa Senhora do Carmo, na Rua Ant\u00f4nio Bernardo, seguindo pelas ruas Bertoldo Braz de Oliveira, Guidoval, Tenente Lucas Drumont, Miguel Marcos Peres, Wenceslau Braz chegando na Comunidade Nossa Senhora Aparecida localizada na Rua Wenceslau Braz.<\/p>\n","protected":false},"excerpt":{"rendered":"<p>Segundo informa\u00e7\u00f5es do site da Prefeitura de Juiz de Fora, com a celebra\u00e7\u00e3o da Semana Santa, diversas prociss\u00f5es j\u00e1 come\u00e7aram a ser realizadas nas vias da cidade. A Secretaria de Mobilidade Urbana (SMU) alerta os motoristas para a possibilidade de interdi\u00e7\u00f5es pontuais no tr\u00e2nsito durante a passagem dos cortejos nos bairros e na regi\u00e3o central. [&hellip;]<\/p>\n","protected":false},"author":246,"featured_media":197562,"comment_status":"closed","ping_status":"closed","sticky":false,"template":"","format":"standard","meta":{"footnotes":""},"categories":[253,436,439],"tags":[],"class_list":["post-197561","post","type-post","status-publish","format-standard","has-post-thumbnail","hentry","category-cidade","category-destaque-da-semana","category-ultima-hora"],"_links":{"self":[{"href":"https:\/\/diarioregionaldigital.com.br\/index.php?rest_route=\/wp\/v2\/posts\/197561","targetHints":{"allow":["GET"]}}],"collection":[{"href":"https:\/\/diarioregionaldigital.com.br\/index.php?rest_route=\/wp\/v2\/posts"}],"about":[{"href":"https:\/\/diarioregionaldigital.com.br\/index.php?rest_route=\/wp\/v2\/types\/post"}],"author":[{"embeddable":true,"href":"https:\/\/diarioregionaldigital.com.br\/index.php?rest_route=\/wp\/v2\/users\/246"}],"replies":[{"embeddable":true,"href":"https:\/\/diarioregionaldigital.com.br\/index.php?rest_route=%2Fwp%2Fv2%2Fcomments&post=197561"}],"version-history":[{"count":1,"href":"https:\/\/diarioregionaldigital.com.br\/index.php?rest_route=\/wp\/v2\/posts\/197561\/revisions"}],"predecessor-version":[{"id":197563,"href":"https:\/\/diarioregionaldigital.com.br\/index.php?rest_route=\/wp\/v2\/posts\/197561\/revisions\/197563"}],"wp:featuredmedia":[{"embeddable":true,"href":"https:\/\/diarioregionaldigital.com.br\/index.php?rest_route=\/wp\/v2\/media\/197562"}],"wp:attachment":[{"href":"https:\/\/diarioregionaldigital.com.br\/index.php?rest_route=%2Fwp%2Fv2%2Fmedia&parent=197561"}],"wp:term":[{"taxonomy":"category","embeddable":true,"href":"https:\/\/diarioregionaldigital.com.br\/index.php?rest_route=%2Fwp%2Fv2%2Fcategories&post=197561"},{"taxonomy":"post_tag","embeddable":true,"href":"https:\/\/diarioregionaldigital.com.br\/index.php?rest_route=%2Fwp%2Fv2%2Ftags&post=197561"}],"curies":[{"name":"wp","href":"https:\/\/api.w.org\/{rel}","templated":true}]}}