{"id":197558,"date":"2022-04-12T21:23:01","date_gmt":"2022-04-13T00:23:01","guid":{"rendered":"https:\/\/diarioregionaldigital.com.br\/?p=197558"},"modified":"2022-04-12T21:23:01","modified_gmt":"2022-04-13T00:23:01","slug":"veja-como-fica-o-funcionamento-da-pjf-durante-o-feriado-da-semana-santa","status":"publish","type":"post","link":"https:\/\/diarioregionaldigital.com.br\/?p=197558","title":{"rendered":"Veja como fica o funcionamento da PJF durante o feriado da Semana Santa"},"content":{"rendered":"<p>Segundo informa\u00e7\u00f5es do site da Prefeitura de Juiz de Fora, em fun\u00e7\u00e3o do feriado da Semana Santa, com o feriado nacional na sexta-feira, 15, e do ponto facultativo na quinta-feira, 14, os servi\u00e7os da Prefeitura de Juiz de Fora (PJF) ter\u00e3o altera\u00e7\u00f5es. Confira:<\/p>\n<p>Companhia de Saneamento Municipal (Cesama): A Cesama funciona em hor\u00e1rio normal na quinta-feira, 14. Na sexta-feira da Paix\u00e3o, 15, a companhia funciona em esquema de plant\u00e3o, com atendimento pelo telefone 115, que funciona 24 horas por dia.<\/p>\n<p>Departamento Municipal de Limpeza Urbana (Demlurb): Os servi\u00e7os de coleta seletiva e de lixo domiciliar funcionar\u00e3o em hor\u00e1rio normal na quinta-feira, dia 14, e ser\u00e3o interrompidos na sexta-feira, 15, e retomados no s\u00e1bado, 16, bem como o atendimento dos ecopontos. J\u00e1 as a\u00e7\u00f5es de capina e ro\u00e7ada ocorrer\u00e3o em esquema de plant\u00e3o na quinta-feira, 14, e ser\u00e3o suspensas na sexta-feira, 15. A varri\u00e7\u00e3o funcionar\u00e1 na quinta-feira, 14, e em esquema de plant\u00e3o na sexta-feira, 15.<\/p>\n<p>Guarda Municipal (GM): Funcionam a central de atendimento 24h, pelo telefone 153, al\u00e9m das rondas preventivas.<\/p>\n<p>Agentes de Transporte e Tr\u00e2nsito: Durante os dias de feriado, as equipes de plant\u00e3o poder\u00e3o ser acionadas pelo telefone 2104-7400.<\/p>\n<p>Defesa Civil: A equipe da Defesa Civil estar\u00e1 de plant\u00e3o. Em caso de emerg\u00eancia, disque 199. A Central de Atendimento funciona 24h.<\/p>\n<p>Mercado Municipal: Funcionar\u00e1 normalmente na quinta, 14, s\u00e1bado, 16, e domingo, 17. J\u00e1 na sexta-feira, 14, funcionar\u00e1 at\u00e9 12h.<\/p>\n<p>Feiras livres: As feiras livres da pr\u00f3xima sexta-feira, 15, ficar\u00e3o suspensas. As altera\u00e7\u00f5es s\u00e3o v\u00e1lidas para as feiras dos bairros Alto dos Passos, Bairro de Lourdes e Joquei Clube II. A feira \u201c\u00c9 Daqui\u201d, que acontece na Rua S\u00e3o Jo\u00e3o, \u00e0s sextas, tamb\u00e9m ficar\u00e1 suspensa. Na quinta-feira, 14, s\u00e1bado, 16, e domingo, 17, as feiras funcionam normalmente.<\/p>\n<p>Restaurante Popular: Ter\u00e1 funcionamento normal na quinta-feira, 14, e n\u00e3o funcionar\u00e1 na sexta, 15.<\/p>\n<p>Sa\u00fade: Os servi\u00e7os de Urg\u00eancia e Emerg\u00eancia do Pronto Atendimento Infantil (PAI), Regional Leste e Hospital de Pronto Socorro (HPS), bem como a Central de Regula\u00e7\u00e3o de Vagas Hospitalares permanecem em funcionamento normal 24 horas durante o per\u00edodo. As Unidades B\u00e1sicas de Sa\u00fade (UBS) n\u00e3o funcionam na quinta e na sexta, retomando as atividades na segunda-feira, \u00e0s 8h. Os departamentos de Sa\u00fade da Mulher, Crian\u00e7a e do Adolescente e do Idoso retomam as atividades na segunda-feira. O PAM Marechal permanece fechado na quinta-feira, 14, e na sexta-feira, 15, retomando os atendimentos na segunda-feira. As Vacina\u00e7\u00f5es contra a Covid-19, a Influenza e o Sarampo ser\u00e3o aplicadas na quinta-feira, no pr\u00e9dio da Vigil\u00e2ncia em Sa\u00fade, de 8h \u00e0s 13h, para os p\u00fablicos alvos das campanhas. A aplica\u00e7\u00e3o de imunizantes retorna normalmente na pr\u00f3xima segunda-feira, 18, nas UBSs e nos departamentos de Sa\u00fade da Mulher, Gestante, Crian\u00e7a e do Adolescente e do Idoso, a partir das 8h.<\/p>\n<p>Casa da Mulher: O centro de refer\u00eancia n\u00e3o funcionar\u00e1 durante o per\u00edodo, retornando as atividades na segunda-feira, 18.<\/p>\n<p>Assist\u00eancia Social: Funcionar\u00e3o normalmente os equipamentos de acolhimento da popula\u00e7\u00e3o em situa\u00e7\u00e3o de rua, Centro Pop e acolhimento de crian\u00e7as e adolescentes. A Abordagem Social trabalha normal de 7h \u00e0 meia noite. Os Cras, Creas e Servi\u00e7os de Conviv\u00eancia e Fortalecimento de V\u00ednculos (SCFV) n\u00e3o funcionar\u00e3o.<\/p>\n<p>Conselhos Tutelares: Funcionar\u00e3o em esquema de plant\u00e3o, pelos telefones: Sul\/Oeste: 98431-4793; Centro\/Norte: 98429-4740 e Leste: 98463-0980.<\/p>\n<p>Funalfa: A sede Funalfa e os espa\u00e7os dirigidos por ela permanecem fechados de quinta a domingo. O Teatro Paschoal Carlos Magno somente ter\u00e1 realiza\u00e7\u00e3o de ensaios que j\u00e1 estavam programados, sem atendimento ao p\u00fablico externo. A Pra\u00e7a CEU funciona todos os dias. Na quinta e sexta, das 10h \u00e0s 18h, no s\u00e1bado, das 10h \u00e0s 20h e, no domingo, das 11h \u00e0s 19h.<\/p>\n<p>Parque Municipal: O Parque Municipal funcionar\u00e1 normalmente na quinta-feira, dia 14, bem como s\u00e1bado, 16, e domingo, 17. Somente na sexta-feira, dia 15, estar\u00e1 fechado.<\/p>\n<p>Parque do Museu Mariano Proc\u00f3pio: S\u00f3 permanecer\u00e1 fechado na sexta-feira, dia 15. Nos demais dias funcionar\u00e1 normalmente, das 8h \u00e0s 17h.<\/p>\n<p>Espa\u00e7o Cidade: N\u00e3o funcionar\u00e1 na quinta, sexta e domingo. Abrir\u00e1 no s\u00e1bado das 10h \u00e0s 14h.<\/p>\n<p>Parque da Lajinha: O Parque da Lajinha funcionar\u00e1 normalmente na quinta-feira, dia 14, bem como s\u00e1bado, 16, e domingo, 17. Somente na sexta-feira, dia 15, estar\u00e1 fechado. Na segunda-feira, 18, o parque j\u00e1 permanece fechado para manuten\u00e7\u00e3o de rotina. \u00c9 importante destacar que \u00e9 necess\u00e1rio o comprovante de vacina\u00e7\u00e3o em dia para entrada no parque. Al\u00e9m disso, por se tratar de Unidade de Conserva\u00e7\u00e3o n\u00e3o \u00e9 permitida a entrada de animais.<\/p>\n","protected":false},"excerpt":{"rendered":"<p>Segundo informa\u00e7\u00f5es do site da Prefeitura de Juiz de Fora, em fun\u00e7\u00e3o do feriado da Semana Santa, com o feriado nacional na sexta-feira, 15, e do ponto facultativo na quinta-feira, 14, os servi\u00e7os da Prefeitura de Juiz de Fora (PJF) ter\u00e3o altera\u00e7\u00f5es. Confira: Companhia de Saneamento Municipal (Cesama): A Cesama funciona em hor\u00e1rio normal na [&hellip;]<\/p>\n","protected":false},"author":246,"featured_media":197559,"comment_status":"closed","ping_status":"closed","sticky":false,"template":"","format":"standard","meta":{"footnotes":""},"categories":[253,436,440,439],"tags":[],"class_list":["post-197558","post","type-post","status-publish","format-standard","has-post-thumbnail","hentry","category-cidade","category-destaque-da-semana","category-destaques-do-dia","category-ultima-hora"],"_links":{"self":[{"href":"https:\/\/diarioregionaldigital.com.br\/index.php?rest_route=\/wp\/v2\/posts\/197558","targetHints":{"allow":["GET"]}}],"collection":[{"href":"https:\/\/diarioregionaldigital.com.br\/index.php?rest_route=\/wp\/v2\/posts"}],"about":[{"href":"https:\/\/diarioregionaldigital.com.br\/index.php?rest_route=\/wp\/v2\/types\/post"}],"author":[{"embeddable":true,"href":"https:\/\/diarioregionaldigital.com.br\/index.php?rest_route=\/wp\/v2\/users\/246"}],"replies":[{"embeddable":true,"href":"https:\/\/diarioregionaldigital.com.br\/index.php?rest_route=%2Fwp%2Fv2%2Fcomments&post=197558"}],"version-history":[{"count":1,"href":"https:\/\/diarioregionaldigital.com.br\/index.php?rest_route=\/wp\/v2\/posts\/197558\/revisions"}],"predecessor-version":[{"id":197560,"href":"https:\/\/diarioregionaldigital.com.br\/index.php?rest_route=\/wp\/v2\/posts\/197558\/revisions\/197560"}],"wp:featuredmedia":[{"embeddable":true,"href":"https:\/\/diarioregionaldigital.com.br\/index.php?rest_route=\/wp\/v2\/media\/197559"}],"wp:attachment":[{"href":"https:\/\/diarioregionaldigital.com.br\/index.php?rest_route=%2Fwp%2Fv2%2Fmedia&parent=197558"}],"wp:term":[{"taxonomy":"category","embeddable":true,"href":"https:\/\/diarioregionaldigital.com.br\/index.php?rest_route=%2Fwp%2Fv2%2Fcategories&post=197558"},{"taxonomy":"post_tag","embeddable":true,"href":"https:\/\/diarioregionaldigital.com.br\/index.php?rest_route=%2Fwp%2Fv2%2Ftags&post=197558"}],"curies":[{"name":"wp","href":"https:\/\/api.w.org\/{rel}","templated":true}]}}