{"id":197553,"date":"2022-04-12T21:03:05","date_gmt":"2022-04-13T00:03:05","guid":{"rendered":"https:\/\/diarioregionaldigital.com.br\/?p=197553"},"modified":"2022-04-12T21:03:05","modified_gmt":"2022-04-13T00:03:05","slug":"maior-evento-de-futebol-infantil-do-mundo-estreia-torneio-feminino","status":"publish","type":"post","link":"https:\/\/diarioregionaldigital.com.br\/?p=197553","title":{"rendered":"Maior evento de futebol infantil do mundo estreia torneio feminino"},"content":{"rendered":"<p>Cerca de 2,6 mil crian\u00e7as de sete\u00a0\u00a0a\u00a013 anos participam desde o \u00faltimo\u00a0s\u00e1bado\u00a0(9) da\u00a0Go Cup, considerado o maior evento de futebol infantil do mundo. A novidade da competi\u00e7\u00e3o este ano, disputada em Aparecida de Goi\u00e2nia (GO), \u00e9 a realiza\u00e7\u00e3o de um torneio feminino, na categoria at\u00e9 13 anos, com participa\u00e7\u00e3o de tr\u00eas das mais de 200 equipes inscritas.<img decoding=\"async\" src=\"https:\/\/agenciabrasil.ebc.com.br\/ebc.png?id=1453611&amp;o=node\" \/><img decoding=\"async\" src=\"https:\/\/agenciabrasil.ebc.com.br\/ebc.gif?id=1453611&amp;o=node\" \/><\/p>\n<p>Um dos times na disputa feminina \u00e9 a Cardim Sports, de Bras\u00edlia, que tamb\u00e9m compete com meninas nas categorias sub-7, sub-8, sub-10 e sub-12. A diferen\u00e7a \u00e9 que, nestas,\u00a0as atletas enfrentam equipes 100% masculinas ou mistas, como j\u00e1 ocorria em\u00a0<a href=\"https:\/\/agenciabrasil.ebc.com.br\/esportes\/noticia\/2021-11\/times-100-femininos-encaram-equipes-masculinas-em-torneio-infantil\">outras edi\u00e7\u00f5es<\/a>. Para elas, \u00e9 a primeira vez em um torneio somente para garotas.<\/p>\n<p>&#8220;\u00c9 muito importante essas meninas estarem vivendo um campeonato de alto n\u00edvel, com grande visibilidade para outros estados, pensando em convites para outros clubes que j\u00e1 representam o futebol [feminino] profissional, apesar de Bras\u00edlia estar bem representada, com dois times na s\u00e9rie A1 [Cresspom e Real Bras\u00edlia] e um na A2 [Minas Bras\u00edlia]&#8221;,\u00a0afirmou\u00a0Fred Cardim, professor e diretor da escolinha, \u00e0 assessoria de imprensa do evento.<\/p>\n<p>Outro participante \u00e9 o Centro Esportivo Wilson Goiano (CEWG), de Trindade (GO), fundado pelo ex-lateral de mesmo nome, com passagens por Goi\u00e1s e Botafogo, onde foi campe\u00e3o brasileiro em 1995. Segundo ele, as meninas est\u00e3o acostumadas a treinar com os garotos no dia a dia da escolinha e chegaram a venc\u00ea-los, nos p\u00eanaltis, em um amistoso que antecedeu a\u00a0Go Cup.<\/p>\n<p>&#8220;Elas est\u00e3o bem treinadas e, por isso, eu acho que elas v\u00e3o dar o melhor de si. Foi muito importante a gente ir com o incentivo das inscri\u00e7\u00f5es gratuitas&#8221;,\u00a0comentou\u00a0Welson Carvalho, coordenador do CEWG.<\/p>\n<p>O terceiro integrante do torneio feminino \u00e9 o Rede Gol, projeto da organiza\u00e7\u00e3o n\u00e3o-governamental (ONG) Transforma Vidas. Cerca de 180 meninas de 9 a 21 anos participam da iniciativa, que atua em n\u00facleos de vulnerabilidade social no Distrito Federal,\u00a0com\u00a0dois &#8211; nos distritos do Gama e de Candangol\u00e2ndia &#8211; voltados ao alto rendimento. O time na\u00a0Go Cup\u00a0conta com jovens de oito comunidades brasilienses e compete pela primeira vez longe de casa.<\/p>\n<p>&#8220;Essa iniciativa oportuniza meninas de periferias dentro de um esporte predominante masculino, onde h\u00e1 um sexismo muito grande. Tor\u00e7o para que nas pr\u00f3ximas edi\u00e7\u00f5es mais e meninas estejam presentes. No feminino, o desafio \u00e9 ainda maior, porque muitas fam\u00edlias ainda n\u00e3o se convenceram de que as meninas podem estar neste lugar&#8221;,\u00a0disse a coordenadora da Rede Gol, Deiza Leite.<\/p>\n<p>Na primeira fase, as equipes do torneio feminino jogam entre si duas vezes, at\u00e9\u00a0quinta-feira (14). As duas melhores campanhas fazem a final na\u00a0sexta-feira (15), \u00e0s 10h (hor\u00e1rio de Bras\u00edlia). Duas partidas j\u00e1 movimentaram a disputa, ambas com presen\u00e7a do Cardim. Na abertura, as brasilienses empataram por 1 a 1 com o CEWG. Na rodada seguinte, perderam do Rede Gol por 5 a 3.<\/p>\n<p>A\u00a0Go Cup\u00a0em si termina no\u00a0s\u00e1bado\u00a0(16). Al\u00e9m do torneio exclusivamente feminino, o evento re\u00fane as categorias sub-7, sub-8, sub-9, sub-10, sub-11, sub-12 e sub-13, todas mistas. Considerando as\u00a0sete faixas et\u00e1rias e o evento para garotas, cerca de cem meninas est\u00e3o inscritas na competi\u00e7\u00e3o.<\/p>\n<p>Clubes como Palmeiras, Athletico-PR, Atl\u00e9tico-MG, Goi\u00e1s, Am\u00e9rica-MG, Botafogo, Fluminense, Benfica (Portugal) e Independiente del Valle (Equador) est\u00e3o representados no campeonato infantil. Revela\u00e7\u00e3o da \u00faltima Copa S\u00e3o Paulo de Futebol J\u00fanior e maior promessa da base palmeirense na atualidade, o atacante Endrick destacou-se na\u00a0Go Cup\u00a0em 2016, quanto tinha apenas dez anos.<\/p>\n<p>Fonte: Ag\u00eancia Brasil<\/p>\n","protected":false},"excerpt":{"rendered":"<p>Cerca de 2,6 mil crian\u00e7as de sete\u00a0\u00a0a\u00a013 anos participam desde o \u00faltimo\u00a0s\u00e1bado\u00a0(9) da\u00a0Go Cup, considerado o maior evento de futebol infantil do mundo. A novidade da competi\u00e7\u00e3o este ano, disputada em Aparecida de Goi\u00e2nia (GO), \u00e9 a realiza\u00e7\u00e3o de um torneio feminino, na categoria at\u00e9 13 anos, com participa\u00e7\u00e3o de tr\u00eas das mais de 200 [&hellip;]<\/p>\n","protected":false},"author":246,"featured_media":197554,"comment_status":"closed","ping_status":"closed","sticky":false,"template":"","format":"standard","meta":{"footnotes":""},"categories":[436,257,439],"tags":[],"class_list":["post-197553","post","type-post","status-publish","format-standard","has-post-thumbnail","hentry","category-destaque-da-semana","category-esporte","category-ultima-hora"],"_links":{"self":[{"href":"https:\/\/diarioregionaldigital.com.br\/index.php?rest_route=\/wp\/v2\/posts\/197553","targetHints":{"allow":["GET"]}}],"collection":[{"href":"https:\/\/diarioregionaldigital.com.br\/index.php?rest_route=\/wp\/v2\/posts"}],"about":[{"href":"https:\/\/diarioregionaldigital.com.br\/index.php?rest_route=\/wp\/v2\/types\/post"}],"author":[{"embeddable":true,"href":"https:\/\/diarioregionaldigital.com.br\/index.php?rest_route=\/wp\/v2\/users\/246"}],"replies":[{"embeddable":true,"href":"https:\/\/diarioregionaldigital.com.br\/index.php?rest_route=%2Fwp%2Fv2%2Fcomments&post=197553"}],"version-history":[{"count":1,"href":"https:\/\/diarioregionaldigital.com.br\/index.php?rest_route=\/wp\/v2\/posts\/197553\/revisions"}],"predecessor-version":[{"id":197555,"href":"https:\/\/diarioregionaldigital.com.br\/index.php?rest_route=\/wp\/v2\/posts\/197553\/revisions\/197555"}],"wp:featuredmedia":[{"embeddable":true,"href":"https:\/\/diarioregionaldigital.com.br\/index.php?rest_route=\/wp\/v2\/media\/197554"}],"wp:attachment":[{"href":"https:\/\/diarioregionaldigital.com.br\/index.php?rest_route=%2Fwp%2Fv2%2Fmedia&parent=197553"}],"wp:term":[{"taxonomy":"category","embeddable":true,"href":"https:\/\/diarioregionaldigital.com.br\/index.php?rest_route=%2Fwp%2Fv2%2Fcategories&post=197553"},{"taxonomy":"post_tag","embeddable":true,"href":"https:\/\/diarioregionaldigital.com.br\/index.php?rest_route=%2Fwp%2Fv2%2Ftags&post=197553"}],"curies":[{"name":"wp","href":"https:\/\/api.w.org\/{rel}","templated":true}]}}