{"id":197550,"date":"2022-04-12T20:58:22","date_gmt":"2022-04-12T23:58:22","guid":{"rendered":"https:\/\/diarioregionaldigital.com.br\/?p=197550"},"modified":"2022-04-12T20:58:22","modified_gmt":"2022-04-12T23:58:22","slug":"joanna-maranhao-e-eleita-para-o-comite-de-etica-do-cob","status":"publish","type":"post","link":"https:\/\/diarioregionaldigital.com.br\/?p=197550","title":{"rendered":"Joanna Maranh\u00e3o \u00e9 eleita para o Comit\u00ea de \u00c9tica do COB"},"content":{"rendered":"<p>A Assembleia Geral do Comit\u00ea Ol\u00edmpico do Brasil (COB) elegeu nesta ter\u00e7a-feira (12) os cinco integrantes do Conselho de \u00c9tica. E o destaque ficou por conta da escolha, para uma das vagas, de Joanna Maranh\u00e3o, a primeira mulher e ex-atleta a compor o colegiado.<img decoding=\"async\" src=\"https:\/\/agenciabrasil.ebc.com.br\/ebc.png?id=1453628&amp;o=node\" \/><img decoding=\"async\" src=\"https:\/\/agenciabrasil.ebc.com.br\/ebc.gif?id=1453628&amp;o=node\" \/><\/p>\n<p>Joanna Maranh\u00e3o \u00e9 um dos tr\u00eas membros n\u00e3o independentes (que t\u00eam alguma rela\u00e7\u00e3o com o comit\u00ea) do Conselho de \u00c9tica, junto com Sami Arap Sobrinho. Al\u00e9m disso, a entidade escolheu tr\u00eas membros independentes: Humberto Aparecido Panzetti, Ney de Barros Bello Filho e Guilherme Faria da Silva.<\/p>\n<p>Em postagem em seu perfil no Twitter, a ex-atleta destacou o feito: \u201c\u00c9 preciso que mais mulheres e mais atletas ocupem e conquistem esses espa\u00e7os com representatividade ativa e com conte\u00fado. Muito por fazer. Sigamos em frente!\u201d.<\/p>\n<p>Al\u00e9m do Conselho de \u00c9tica, a Assembleia Geral do COB escolheu os seis membros do Conselho Fiscal: Bianca de Azevedo, \u00c2ngelo Moniz Freire Vivacqua e Sebasti\u00e3o Dantas Ramos. Os tr\u00eas suplentes ser\u00e3o Marcus de Carvalho Mussa Gaze, Guilherme de Oliveira Campos e Marcos Jos\u00e9 de Carvalho Neto.<\/p>\n<p>O presidente do COB, Paulo Wanderley, celebrou a realiza\u00e7\u00e3o do pleito: \u201cA elei\u00e7\u00e3o transcorreu em clima de tranquilidade, participa\u00e7\u00e3o maci\u00e7a das Confedera\u00e7\u00f5es, representantes dos atletas e membros do COI. Espero que os novos membros, alguns reconduzidos ao cargo, continuem exercendo o trabalho que estavam fazendo, atuando com independ\u00eancia como \u00f3rg\u00e3os fiscalizadores\u201d.<\/p>\n<p>Fonte: Ag\u00eancia Brasil<\/p>\n","protected":false},"excerpt":{"rendered":"<p>A Assembleia Geral do Comit\u00ea Ol\u00edmpico do Brasil (COB) elegeu nesta ter\u00e7a-feira (12) os cinco integrantes do Conselho de \u00c9tica. E o destaque ficou por conta da escolha, para uma das vagas, de Joanna Maranh\u00e3o, a primeira mulher e ex-atleta a compor o colegiado. Joanna Maranh\u00e3o \u00e9 um dos tr\u00eas membros n\u00e3o independentes (que t\u00eam [&hellip;]<\/p>\n","protected":false},"author":246,"featured_media":197551,"comment_status":"closed","ping_status":"closed","sticky":false,"template":"","format":"standard","meta":{"footnotes":""},"categories":[436,257,439],"tags":[],"class_list":["post-197550","post","type-post","status-publish","format-standard","has-post-thumbnail","hentry","category-destaque-da-semana","category-esporte","category-ultima-hora"],"_links":{"self":[{"href":"https:\/\/diarioregionaldigital.com.br\/index.php?rest_route=\/wp\/v2\/posts\/197550","targetHints":{"allow":["GET"]}}],"collection":[{"href":"https:\/\/diarioregionaldigital.com.br\/index.php?rest_route=\/wp\/v2\/posts"}],"about":[{"href":"https:\/\/diarioregionaldigital.com.br\/index.php?rest_route=\/wp\/v2\/types\/post"}],"author":[{"embeddable":true,"href":"https:\/\/diarioregionaldigital.com.br\/index.php?rest_route=\/wp\/v2\/users\/246"}],"replies":[{"embeddable":true,"href":"https:\/\/diarioregionaldigital.com.br\/index.php?rest_route=%2Fwp%2Fv2%2Fcomments&post=197550"}],"version-history":[{"count":1,"href":"https:\/\/diarioregionaldigital.com.br\/index.php?rest_route=\/wp\/v2\/posts\/197550\/revisions"}],"predecessor-version":[{"id":197552,"href":"https:\/\/diarioregionaldigital.com.br\/index.php?rest_route=\/wp\/v2\/posts\/197550\/revisions\/197552"}],"wp:featuredmedia":[{"embeddable":true,"href":"https:\/\/diarioregionaldigital.com.br\/index.php?rest_route=\/wp\/v2\/media\/197551"}],"wp:attachment":[{"href":"https:\/\/diarioregionaldigital.com.br\/index.php?rest_route=%2Fwp%2Fv2%2Fmedia&parent=197550"}],"wp:term":[{"taxonomy":"category","embeddable":true,"href":"https:\/\/diarioregionaldigital.com.br\/index.php?rest_route=%2Fwp%2Fv2%2Fcategories&post=197550"},{"taxonomy":"post_tag","embeddable":true,"href":"https:\/\/diarioregionaldigital.com.br\/index.php?rest_route=%2Fwp%2Fv2%2Ftags&post=197550"}],"curies":[{"name":"wp","href":"https:\/\/api.w.org\/{rel}","templated":true}]}}