{"id":197547,"date":"2022-04-12T20:49:24","date_gmt":"2022-04-12T23:49:24","guid":{"rendered":"https:\/\/diarioregionaldigital.com.br\/?p=197547"},"modified":"2022-04-12T20:49:24","modified_gmt":"2022-04-12T23:49:24","slug":"apos-passar-por-cirurgia-ex-jogador-rincon-segue-em-estado-critico","status":"publish","type":"post","link":"https:\/\/diarioregionaldigital.com.br\/?p=197547","title":{"rendered":"Ap\u00f3s passar por cirurgia, ex-jogador Rinc\u00f3n segue em estado cr\u00edtico"},"content":{"rendered":"<p>O ex-jogador Freddy Rinc\u00f3n, de 55 anos, que ontem (11) sofreu um grave acidente de carro na Col\u00f4mbia, est\u00e1 em \u201ccondi\u00e7\u00e3o muito cr\u00edtica\u201d, internado na Unidade de Terapia Intensiva (UTI), de acordo com\u00a0<a href=\"https:\/\/www.imbanaco.com\/noticia\/comunicado-no-2-parte-medico-paciente-freddy-rincon-valencia\/\">boletim m\u00e9dico\u00a0<\/a>da cl\u00ednica Imbanaco, publicado na\u00a0manh\u00e3 desta ter\u00e7a-feira (12). O \u00eddolo do Corinthians e um dos maiores jogadores da sele\u00e7\u00e3o colombiana passou\u00a0por interven\u00e7\u00e3o cir\u00fargica,\u00a0que durou 2 horas e 45 minutos, devido a um traumatismo craniano encef\u00e1lico.<img decoding=\"async\" src=\"https:\/\/agenciabrasil.ebc.com.br\/ebc.png?id=1453534&amp;o=node\" \/><img decoding=\"async\" src=\"https:\/\/agenciabrasil.ebc.com.br\/ebc.gif?id=1453534&amp;o=node\" \/><\/p>\n<p>Rinc\u00f3n estava em uma caminhonete, em Cali \u2013 a 250 quil\u00f4metros da capital Bogot\u00e1 \u2013 quando o ve\u00edculo foi atingido violentamente por um \u00f4nibus, segundo autoridades de tr\u00e2nsito. \u00a0Outras quatro pessoas ficaram feridas: tr\u00eas que acompanham Rinc\u00f3n, e o motorista do coletivo.<\/p>\n<p>Al\u00e9m de refer\u00eancia no Tim\u00e3o, pelo qual foi bicampe\u00e3o brasileiro e\u00a0faturou o t\u00edtulo do Mundial de Clubes em 2000, Freddy Ric\u00f3n brilhou pela sele\u00e7\u00e3o colombiana nas Copas do Mundo \u00a0da It\u00e1lia (1994), dos Estados Unidos (1994) e da Fran\u00e7a (1988). No Brasil, tamb\u00e9m teve passagens pelo Palmeiras, Santos e Cruzeiro, e na Espanha defendeu o Real Madrid. O colombiano\u00a0come\u00e7ou a carreira no\u00a0Independiente Santa Fe e estreou profissionalmente no Am\u00e9rica de Cali.<\/p>\n<p>Fonte: Ag\u00eancia Brasil<\/p>\n","protected":false},"excerpt":{"rendered":"<p>O ex-jogador Freddy Rinc\u00f3n, de 55 anos, que ontem (11) sofreu um grave acidente de carro na Col\u00f4mbia, est\u00e1 em \u201ccondi\u00e7\u00e3o muito cr\u00edtica\u201d, internado na Unidade de Terapia Intensiva (UTI), de acordo com\u00a0boletim m\u00e9dico\u00a0da cl\u00ednica Imbanaco, publicado na\u00a0manh\u00e3 desta ter\u00e7a-feira (12). O \u00eddolo do Corinthians e um dos maiores jogadores da sele\u00e7\u00e3o colombiana passou\u00a0por interven\u00e7\u00e3o [&hellip;]<\/p>\n","protected":false},"author":246,"featured_media":197548,"comment_status":"closed","ping_status":"closed","sticky":false,"template":"","format":"standard","meta":{"footnotes":""},"categories":[436,257,439],"tags":[],"class_list":["post-197547","post","type-post","status-publish","format-standard","has-post-thumbnail","hentry","category-destaque-da-semana","category-esporte","category-ultima-hora"],"_links":{"self":[{"href":"https:\/\/diarioregionaldigital.com.br\/index.php?rest_route=\/wp\/v2\/posts\/197547","targetHints":{"allow":["GET"]}}],"collection":[{"href":"https:\/\/diarioregionaldigital.com.br\/index.php?rest_route=\/wp\/v2\/posts"}],"about":[{"href":"https:\/\/diarioregionaldigital.com.br\/index.php?rest_route=\/wp\/v2\/types\/post"}],"author":[{"embeddable":true,"href":"https:\/\/diarioregionaldigital.com.br\/index.php?rest_route=\/wp\/v2\/users\/246"}],"replies":[{"embeddable":true,"href":"https:\/\/diarioregionaldigital.com.br\/index.php?rest_route=%2Fwp%2Fv2%2Fcomments&post=197547"}],"version-history":[{"count":1,"href":"https:\/\/diarioregionaldigital.com.br\/index.php?rest_route=\/wp\/v2\/posts\/197547\/revisions"}],"predecessor-version":[{"id":197549,"href":"https:\/\/diarioregionaldigital.com.br\/index.php?rest_route=\/wp\/v2\/posts\/197547\/revisions\/197549"}],"wp:featuredmedia":[{"embeddable":true,"href":"https:\/\/diarioregionaldigital.com.br\/index.php?rest_route=\/wp\/v2\/media\/197548"}],"wp:attachment":[{"href":"https:\/\/diarioregionaldigital.com.br\/index.php?rest_route=%2Fwp%2Fv2%2Fmedia&parent=197547"}],"wp:term":[{"taxonomy":"category","embeddable":true,"href":"https:\/\/diarioregionaldigital.com.br\/index.php?rest_route=%2Fwp%2Fv2%2Fcategories&post=197547"},{"taxonomy":"post_tag","embeddable":true,"href":"https:\/\/diarioregionaldigital.com.br\/index.php?rest_route=%2Fwp%2Fv2%2Ftags&post=197547"}],"curies":[{"name":"wp","href":"https:\/\/api.w.org\/{rel}","templated":true}]}}