{"id":197544,"date":"2022-04-12T20:47:52","date_gmt":"2022-04-12T23:47:52","guid":{"rendered":"https:\/\/diarioregionaldigital.com.br\/?p=197544"},"modified":"2022-04-12T20:47:52","modified_gmt":"2022-04-12T23:47:52","slug":"com-30-atletas-selecao-de-natacao-esta-definida-para-o-campeonato-mundial","status":"publish","type":"post","link":"https:\/\/diarioregionaldigital.com.br\/?p=197544","title":{"rendered":"Com 30 atletas, sele\u00e7\u00e3o de nata\u00e7\u00e3o est\u00e1 definida para o Campeonato Mundial"},"content":{"rendered":"<p>A sele\u00e7\u00e3o brasileira de Nata\u00e7\u00e3o est\u00e1 definida. Ao longo dos seis dias de Trof\u00e9u Brasil de Nata\u00e7\u00e3o, realizado no Parque Aqu\u00e1tico Maria Lenk, no Rio de Janeiro, foram estabelecidos os nomes que representar\u00e3o o Brasil no Mundial de Esportes Aqu\u00e1ticos em Budapeste, na Hungria.<\/p>\n<p>Com grande renova\u00e7\u00e3o em rela\u00e7\u00e3o aos Jogos Ol\u00edmpicos de T\u00f3quio, a sele\u00e7\u00e3o ter\u00e1 30 atletas. No \u00faltimo dia de provas, Luis Gustavo Franco Borges, Lorrane Ferreira e Caio Pumputis alcan\u00e7aram \u00edndices em suas provas e garantiram vaga na sele\u00e7\u00e3o. Filho do medalhista ol\u00edmpico Gustavo Borges, Luis Gustavo venceu os 50m livre com o tempo de 22 segundos e vai disputar a prova no Mundial da Hungria, em junho, ao lado do tamb\u00e9m medalhista ol\u00edmpico Bruno Fratus.<\/p>\n<p>\u201cFoi uma competi\u00e7\u00e3o de alt\u00edssimo n\u00edvel e nossos nadadores tiveram um desempenho que nos d\u00e1 bastante \u00e2nimo para o Mundial. \u00c9 uma sele\u00e7\u00e3o jovem, com grandes talentos, e que poder\u00e1 contar tamb\u00e9m com a experi\u00eancia de medalhistas ol\u00edmpicos, recordistas e camp\u00f5es mundiais\u201d, disse o gerente de Nata\u00e7\u00e3o da CBDA, Gustavo Otsuka.<\/p>\n<p>\u201cTemos, no adulto, uma mescla de juventude e experi\u00eancia que vai ser muito importante para a nossa sele\u00e7\u00e3o.\u201d, falou Felipe Domingues, head coach da sele\u00e7\u00e3o brasileira.<\/p>\n<p>O Trof\u00e9u Brasil tamb\u00e9m foi seletiva para o Mundial Junior. Ao todo, 11 atletas alcan\u00e7aram \u00edndice para a competi\u00e7\u00e3o que ainda n\u00e3o tem local definido pela Federa\u00e7\u00e3o Internacional de Nata\u00e7\u00e3o. As nove vagas restantes ser\u00e3o distribu\u00eddas de acordo com os \u00edndices t\u00e9cnicos feitos pelos atletas no Trof\u00e9u Brasil.<\/p>\n<p class=\"callout\"><strong>Classificados para o Mundial de Budapeste<\/strong><\/p>\n<p class=\"callout\">1. Bruno Fratus<br \/>\n2. Leo de Deus<br \/>\n3. Fernando Scheffer<br \/>\n4. Guilherme Costa<br \/>\n5. Stephan Steverink<br \/>\n6. Viviane Jungblut<br \/>\n7. Jhennifer Concei\u00e7\u00e3o<br \/>\n8. Nicholas Santos<br \/>\n9. Stephanie Balduccini<br \/>\n10. Giovanna Diamante<br \/>\n11. Aline Rodrigues<br \/>\n12. Maria Paula Heitmann<br \/>\n13. Vinicius Assun\u00e7\u00e3o<br \/>\n14. Murilo Sartori<br \/>\n15. Breno Correia<br \/>\n16. Beatriz Dizotti<br \/>\n17. Jo\u00e3o Gomes JR<br \/>\n18. Matheus Gonche<br \/>\n19. Gabriel Santos<br \/>\n20. Marcelo Chierighini<br \/>\n21. Felipe Ribeiro<br \/>\n22. Ana Carolina Vieira<br \/>\n23. Giovana Medeiros<br \/>\n24. Gabrielle Roncatto<br \/>\n25. Vinicius Lanza<br \/>\n26. Guilherme Basseto<br \/>\n27. Felipe Fran\u00e7a<br \/>\n28. Luis Gustavo Borges<br \/>\n29. Lorrane Ferreira<br \/>\n30. Caio Pumputis<\/p>\n<p><strong>Fonte: Confedera\u00e7\u00e3o Brasileira de Desportos Aqu\u00e1ticos<\/strong><\/p>\n","protected":false},"excerpt":{"rendered":"<p>A sele\u00e7\u00e3o brasileira de Nata\u00e7\u00e3o est\u00e1 definida. Ao longo dos seis dias de Trof\u00e9u Brasil de Nata\u00e7\u00e3o, realizado no Parque Aqu\u00e1tico Maria Lenk, no Rio de Janeiro, foram estabelecidos os nomes que representar\u00e3o o Brasil no Mundial de Esportes Aqu\u00e1ticos em Budapeste, na Hungria. Com grande renova\u00e7\u00e3o em rela\u00e7\u00e3o aos Jogos Ol\u00edmpicos de T\u00f3quio, a [&hellip;]<\/p>\n","protected":false},"author":246,"featured_media":197545,"comment_status":"closed","ping_status":"closed","sticky":false,"template":"","format":"standard","meta":{"footnotes":""},"categories":[436,440,257,439],"tags":[],"class_list":["post-197544","post","type-post","status-publish","format-standard","has-post-thumbnail","hentry","category-destaque-da-semana","category-destaques-do-dia","category-esporte","category-ultima-hora"],"_links":{"self":[{"href":"https:\/\/diarioregionaldigital.com.br\/index.php?rest_route=\/wp\/v2\/posts\/197544","targetHints":{"allow":["GET"]}}],"collection":[{"href":"https:\/\/diarioregionaldigital.com.br\/index.php?rest_route=\/wp\/v2\/posts"}],"about":[{"href":"https:\/\/diarioregionaldigital.com.br\/index.php?rest_route=\/wp\/v2\/types\/post"}],"author":[{"embeddable":true,"href":"https:\/\/diarioregionaldigital.com.br\/index.php?rest_route=\/wp\/v2\/users\/246"}],"replies":[{"embeddable":true,"href":"https:\/\/diarioregionaldigital.com.br\/index.php?rest_route=%2Fwp%2Fv2%2Fcomments&post=197544"}],"version-history":[{"count":1,"href":"https:\/\/diarioregionaldigital.com.br\/index.php?rest_route=\/wp\/v2\/posts\/197544\/revisions"}],"predecessor-version":[{"id":197546,"href":"https:\/\/diarioregionaldigital.com.br\/index.php?rest_route=\/wp\/v2\/posts\/197544\/revisions\/197546"}],"wp:featuredmedia":[{"embeddable":true,"href":"https:\/\/diarioregionaldigital.com.br\/index.php?rest_route=\/wp\/v2\/media\/197545"}],"wp:attachment":[{"href":"https:\/\/diarioregionaldigital.com.br\/index.php?rest_route=%2Fwp%2Fv2%2Fmedia&parent=197544"}],"wp:term":[{"taxonomy":"category","embeddable":true,"href":"https:\/\/diarioregionaldigital.com.br\/index.php?rest_route=%2Fwp%2Fv2%2Fcategories&post=197544"},{"taxonomy":"post_tag","embeddable":true,"href":"https:\/\/diarioregionaldigital.com.br\/index.php?rest_route=%2Fwp%2Fv2%2Ftags&post=197544"}],"curies":[{"name":"wp","href":"https:\/\/api.w.org\/{rel}","templated":true}]}}