{"id":197538,"date":"2022-04-12T20:29:37","date_gmt":"2022-04-12T23:29:37","guid":{"rendered":"https:\/\/diarioregionaldigital.com.br\/?p=197538"},"modified":"2022-04-12T20:29:37","modified_gmt":"2022-04-12T23:29:37","slug":"gigante-do-varejo-brasileiro-vai-gerar-1-mil-empregos-com-modernizacao-de-unidades-em-minas","status":"publish","type":"post","link":"https:\/\/diarioregionaldigital.com.br\/?p=197538","title":{"rendered":"Gigante do varejo brasileiro vai gerar 1 mil empregos com moderniza\u00e7\u00e3o de unidades em Minas"},"content":{"rendered":"<p>Mais um gigante do varejo do Brasil investe em Minas Gerais para ampliar e melhorar o atendimento a clientes de todo o pa\u00eds. A Via Varejo, dona das marcas Ponto e Casas Bahia, vai aplicar R$ 36 milh\u00f5es na moderniza\u00e7\u00e3o de dois centros de distribui\u00e7\u00e3o e na constru\u00e7\u00e3o de outra unidade log\u00edstica em Minas. O protocolo de inten\u00e7\u00f5es j\u00e1 foi assinado com o\u00a0<a href=\"https:\/\/www.mg.gov.br\/\" target=\"_blank\" rel=\"noopener\">Governo do Estado<\/a>, com intermedia\u00e7\u00e3o da\u00a0<a href=\"https:\/\/www.indi.mg.gov.br\/\" target=\"_blank\" rel=\"noopener\">Invest Minas<\/a>.<\/p>\n<p>A companhia j\u00e1 possui uma das maiores redes de distribui\u00e7\u00e3o do pa\u00eds, com 27 grandes centros de distribui\u00e7\u00e3o e mais de 500 minihubs, pequenos centros de distribui\u00e7\u00e3o (CDs). Dois funcionam em Contagem, um para atender as lojas f\u00edsicas e outro o e-commerce.<\/p>\n<p>Com o investimento, a empresa vai modernizar as estruturas existentes e ainda vai construir mais um em Extrema, no Sul de Minas, gerando cerca de 1 mil empregos diretos e indiretos nas duas regi\u00f5es.<\/p>\n<p>A expans\u00e3o de empresas j\u00e1 instaladas no estado s\u00e3o a prova de que os esfor\u00e7os do Governo de Minas para desburocratizar e facilitar a vida dos empreendedores est\u00e3o dando resultados na pr\u00e1tica, de acordo com o secret\u00e1rio de Estado de Desenvolvimento Econ\u00f4mico, Fernando Passalio.<\/p>\n<p>\u201cA consequ\u00eancia dessas iniciativas, fruto da efici\u00eancia da pol\u00edtica desenvolvida pela atual gest\u00e3o do governador Romeu Zema, \u00e9 a transforma\u00e7\u00e3o de Minas Gerais em melhor lugar para se investir no pa\u00eds, impulsionando o crescimento econ\u00f4mico regional e contribuindo para a gera\u00e7\u00e3o de mais emprego e renda para os mineiros\u201d, destaca o secret\u00e1rio.<\/p>\n<p><strong>Forte tend\u00eancia\u00a0<\/strong><\/p>\n<p>O investimento da Via Varejo\u00a0refor\u00e7a Minas Gerais como o melhor centro log\u00edstico do pa\u00eds. Estima-se que, hoje, 20% do e-commerce do pa\u00eds passa pelo estado \u2013 n\u00famero em crescimento, conforme an\u00e1lise da\u00a0<a href=\"http:\/\/www.desenvolvimento.mg.gov.br\/\" target=\"_blank\" rel=\"noopener\">Secretaria de Estado de Desenvolvimento Econ\u00f4mico (Sede)<\/a>. Em Minas, j\u00e1 operam outras gigantes como Privalia, Amazon e Mercado Livre.<\/p>\n<p>\u201cAcrescentamos mais um ponto estrat\u00e9gico de armazenagem e distribui\u00e7\u00e3o de produtos para o e-commerce, muito pr\u00f3ximo de uns de nossos principais mercados consumidores que s\u00e3o Minas Gerais e S\u00e3o Paulo. Nossos consumidores B2C ser\u00e3o atendidos em menos tempo e nossos sellers ter\u00e3o um importante diferencial para os seus neg\u00f3cios em operar com a Via Varejo no modelo de fulfillment a partir de Minas. Vale ressaltar a vis\u00e3o vanguardista do Estado em fomentar esse modelo para expans\u00e3o de neg\u00f3cios com empregos e mais empresas na regi\u00e3o\u201d, destaca o diretor executivo de Log\u00edstica da Via Varejo, Fernando Gasparini.<\/p>\n<p>\u201cA agilidade e a pontualidade s\u00e3o fatores primordiais para os maiores players desse mercado. Em Minas Gerais, eles t\u00eam \u00e0 disposi\u00e7\u00e3o um ambiente de neg\u00f3cios mais amig\u00e1vel e com menor burocracia, al\u00e9m de localiza\u00e7\u00e3o estrat\u00e9gica. Por isso, o nosso estado \u00e9 hoje o melhor para esse setor de log\u00edstica, que \u00e9 um dos que mais cresce no pa\u00eds\u201d, considera o diretor-presidente da Invest Minas, Jo\u00e3o Paulo Braga.<\/p>\n<p>Embora j\u00e1 tenhamos um fluxo significativo de mercadorias no pa\u00eds, ainda h\u00e1 espa\u00e7os para crescimento nesse setor, principalmente para empresas que queiram refor\u00e7ar o atendimento para grandes cidades do Nordeste e do Centro-Oeste de Minas. \u201cO n\u00famero de galp\u00f5es existentes no Brasil equivale \u00e0 quantidade de estruturas do tipo somente no entorno da cidade de Chicago, nos EUA. O potencial \u00e9 gigantesco\u201d, afirma o diretor de atra\u00e7\u00e3o de Investimentos da Invest Minas, Adriano Carvalho.<\/p>\n<p>Fonte: Ag\u00eancia Minas<\/p>\n","protected":false},"excerpt":{"rendered":"<p>Mais um gigante do varejo do Brasil investe em Minas Gerais para ampliar e melhorar o atendimento a clientes de todo o pa\u00eds. A Via Varejo, dona das marcas Ponto e Casas Bahia, vai aplicar R$ 36 milh\u00f5es na moderniza\u00e7\u00e3o de dois centros de distribui\u00e7\u00e3o e na constru\u00e7\u00e3o de outra unidade log\u00edstica em Minas. O [&hellip;]<\/p>\n","protected":false},"author":246,"featured_media":197539,"comment_status":"closed","ping_status":"closed","sticky":false,"template":"","format":"standard","meta":{"footnotes":""},"categories":[436,254,439],"tags":[],"class_list":["post-197538","post","type-post","status-publish","format-standard","has-post-thumbnail","hentry","category-destaque-da-semana","category-politica","category-ultima-hora"],"_links":{"self":[{"href":"https:\/\/diarioregionaldigital.com.br\/index.php?rest_route=\/wp\/v2\/posts\/197538","targetHints":{"allow":["GET"]}}],"collection":[{"href":"https:\/\/diarioregionaldigital.com.br\/index.php?rest_route=\/wp\/v2\/posts"}],"about":[{"href":"https:\/\/diarioregionaldigital.com.br\/index.php?rest_route=\/wp\/v2\/types\/post"}],"author":[{"embeddable":true,"href":"https:\/\/diarioregionaldigital.com.br\/index.php?rest_route=\/wp\/v2\/users\/246"}],"replies":[{"embeddable":true,"href":"https:\/\/diarioregionaldigital.com.br\/index.php?rest_route=%2Fwp%2Fv2%2Fcomments&post=197538"}],"version-history":[{"count":1,"href":"https:\/\/diarioregionaldigital.com.br\/index.php?rest_route=\/wp\/v2\/posts\/197538\/revisions"}],"predecessor-version":[{"id":197540,"href":"https:\/\/diarioregionaldigital.com.br\/index.php?rest_route=\/wp\/v2\/posts\/197538\/revisions\/197540"}],"wp:featuredmedia":[{"embeddable":true,"href":"https:\/\/diarioregionaldigital.com.br\/index.php?rest_route=\/wp\/v2\/media\/197539"}],"wp:attachment":[{"href":"https:\/\/diarioregionaldigital.com.br\/index.php?rest_route=%2Fwp%2Fv2%2Fmedia&parent=197538"}],"wp:term":[{"taxonomy":"category","embeddable":true,"href":"https:\/\/diarioregionaldigital.com.br\/index.php?rest_route=%2Fwp%2Fv2%2Fcategories&post=197538"},{"taxonomy":"post_tag","embeddable":true,"href":"https:\/\/diarioregionaldigital.com.br\/index.php?rest_route=%2Fwp%2Fv2%2Ftags&post=197538"}],"curies":[{"name":"wp","href":"https:\/\/api.w.org\/{rel}","templated":true}]}}