{"id":197535,"date":"2022-04-12T20:28:05","date_gmt":"2022-04-12T23:28:05","guid":{"rendered":"https:\/\/diarioregionaldigital.com.br\/?p=197535"},"modified":"2022-04-12T20:28:05","modified_gmt":"2022-04-12T23:28:05","slug":"reajuste-de-1006-sera-pago-a-todos-os-servidores-estaduais-de-minas-em-maio","status":"publish","type":"post","link":"https:\/\/diarioregionaldigital.com.br\/?p=197535","title":{"rendered":"Reajuste de 10,06% ser\u00e1 pago a todos os servidores estaduais de Minas em maio"},"content":{"rendered":"<p>Com a publica\u00e7\u00e3o da Lei 24.035\/2022, sancionada pelo governador Romeu Zema no\u00a0<a href=\"https:\/\/www.jornalminasgerais.mg.gov.br\/\" target=\"_blank\" rel=\"noopener\">Di\u00e1rio Oficial de Minas Gerais<\/a>\u00a0do \u00faltimo dia 4\/4, concedendo o reajuste de 10,06% dos sal\u00e1rios de todos os servidores p\u00fablicos estaduais, a recomposi\u00e7\u00e3o salarial j\u00e1 come\u00e7a a valer na folha de pagamento de abril, que ser\u00e1 paga em maio.<\/p>\n<p>A porcentagem de reajuste corresponde \u00e0 recomposi\u00e7\u00e3o salarial do funcionalismo p\u00fablico de acordo com o \u00edndice de infla\u00e7\u00e3o verificado pelo IPCA no \u00faltimo ano e \u00e9 o limite do que o\u00a0<a href=\"https:\/\/www.mg.gov.br\/\" target=\"_blank\" rel=\"noopener\">Governo de Minas<\/a>\u00a0pode conceder dentro das restri\u00e7\u00f5es impostas pela Lei de Responsabilidade Fiscal.<\/p>\n<p>Considerando que o Estado tem cerca de 634 mil pagamentos, entre servidores ativos, inativos e pensionistas, o reajuste de 10,06% para todas as categorias tem impacto financeiro de mais de R$ 330 milh\u00f5es mensais, o equivalente a mais de R$ 4,5 bilh\u00f5es por ano.<\/p>\n<p>A lei prev\u00ea ainda a quita\u00e7\u00e3o dos valores retroativos correspondentes aos meses de janeiro a mar\u00e7o para todos os servidores. Uma an\u00e1lise do fluxo financeiro est\u00e1 sendo feita para defini\u00e7\u00e3o da data para o pagamento.<\/p>\n<p>O pagamento de quatro parcelas de cerca de R$ 2 mil a t\u00edtulo de abono fardamento ou aux\u00edlio vestimenta para servidores das for\u00e7as de seguran\u00e7a tamb\u00e9m est\u00e1 determinado na norma. A primeira parcela deste abono j\u00e1 poder\u00e1 ser paga 30 dias ap\u00f3s a publica\u00e7\u00e3o da lei.<\/p>\n<p><strong>Ajuda de custo<\/strong><\/p>\n<p>O Governo de Minas tamb\u00e9m reajustou o valor da ajuda de custo dos servidores, estabelecido em resolu\u00e7\u00e3o publicada em fevereiro deste ano e pago em folha extra em mar\u00e7o, retroativo aos dias trabalhados em fevereiro. Os servidores que recebiam R$ 47 poder\u00e3o passar a receber R$ 75 mensalmente, mediante a pactua\u00e7\u00e3o de metas e indicadores pelos \u00f3rg\u00e3os e entidades do Poder Executivo.<\/p>\n<p>Fonte: Ag\u00eancia Minas<\/p>\n","protected":false},"excerpt":{"rendered":"<p>Com a publica\u00e7\u00e3o da Lei 24.035\/2022, sancionada pelo governador Romeu Zema no\u00a0Di\u00e1rio Oficial de Minas Gerais\u00a0do \u00faltimo dia 4\/4, concedendo o reajuste de 10,06% dos sal\u00e1rios de todos os servidores p\u00fablicos estaduais, a recomposi\u00e7\u00e3o salarial j\u00e1 come\u00e7a a valer na folha de pagamento de abril, que ser\u00e1 paga em maio. A porcentagem de reajuste corresponde [&hellip;]<\/p>\n","protected":false},"author":246,"featured_media":197536,"comment_status":"closed","ping_status":"closed","sticky":false,"template":"","format":"standard","meta":{"footnotes":""},"categories":[436,254,439],"tags":[],"class_list":["post-197535","post","type-post","status-publish","format-standard","has-post-thumbnail","hentry","category-destaque-da-semana","category-politica","category-ultima-hora"],"_links":{"self":[{"href":"https:\/\/diarioregionaldigital.com.br\/index.php?rest_route=\/wp\/v2\/posts\/197535","targetHints":{"allow":["GET"]}}],"collection":[{"href":"https:\/\/diarioregionaldigital.com.br\/index.php?rest_route=\/wp\/v2\/posts"}],"about":[{"href":"https:\/\/diarioregionaldigital.com.br\/index.php?rest_route=\/wp\/v2\/types\/post"}],"author":[{"embeddable":true,"href":"https:\/\/diarioregionaldigital.com.br\/index.php?rest_route=\/wp\/v2\/users\/246"}],"replies":[{"embeddable":true,"href":"https:\/\/diarioregionaldigital.com.br\/index.php?rest_route=%2Fwp%2Fv2%2Fcomments&post=197535"}],"version-history":[{"count":1,"href":"https:\/\/diarioregionaldigital.com.br\/index.php?rest_route=\/wp\/v2\/posts\/197535\/revisions"}],"predecessor-version":[{"id":197537,"href":"https:\/\/diarioregionaldigital.com.br\/index.php?rest_route=\/wp\/v2\/posts\/197535\/revisions\/197537"}],"wp:featuredmedia":[{"embeddable":true,"href":"https:\/\/diarioregionaldigital.com.br\/index.php?rest_route=\/wp\/v2\/media\/197536"}],"wp:attachment":[{"href":"https:\/\/diarioregionaldigital.com.br\/index.php?rest_route=%2Fwp%2Fv2%2Fmedia&parent=197535"}],"wp:term":[{"taxonomy":"category","embeddable":true,"href":"https:\/\/diarioregionaldigital.com.br\/index.php?rest_route=%2Fwp%2Fv2%2Fcategories&post=197535"},{"taxonomy":"post_tag","embeddable":true,"href":"https:\/\/diarioregionaldigital.com.br\/index.php?rest_route=%2Fwp%2Fv2%2Ftags&post=197535"}],"curies":[{"name":"wp","href":"https:\/\/api.w.org\/{rel}","templated":true}]}}