{"id":197532,"date":"2022-04-12T20:24:44","date_gmt":"2022-04-12T23:24:44","guid":{"rendered":"https:\/\/diarioregionaldigital.com.br\/?p=197532"},"modified":"2022-04-12T20:24:44","modified_gmt":"2022-04-12T23:24:44","slug":"governador-participa-de-evento-sobre-perspectivas-da-industria-para-2022-e-atracao-de-investimentos-para-o-sul-de-minas","status":"publish","type":"post","link":"https:\/\/diarioregionaldigital.com.br\/?p=197532","title":{"rendered":"Governador participa de evento sobre Perspectivas da Ind\u00fastria para 2022 e atra\u00e7\u00e3o de investimentos para o Sul de Minas"},"content":{"rendered":"<p>O governador Romeu Zema participou, nesta ter\u00e7a-feira (12\/4), do evento \u201cPerspectivas da Ind\u00fastria para 2022 e Atra\u00e7\u00f5es de Investimentos para os munic\u00edpios do Sul de Minas\u201d, realizado pela Federa\u00e7\u00e3o das Ind\u00fastrias do Estado de Minas Gerais (Fiemg), na cidade de Pouso Alegre. O encontro contou com a parceria do Servi\u00e7o Brasileiro de Apoio \u00e0s Micro e Pequenas Empresas (Sebrae) e discutiu a\u00e7\u00f5es e oportunidades do desenvolvimento econ\u00f4mico da regi\u00e3o.<\/p>\n<p>Al\u00e9m de representantes do\u00a0<a href=\"http:\/\/www.mg.gov.br\/\" target=\"_blank\" rel=\"noopener\">Governo de Minas<\/a>\u00a0e da\u00a0<a href=\"http:\/\/www.indi.mg.gov.br\/\" target=\"_blank\" rel=\"noopener\">Invest Minas<\/a>, ag\u00eancia de promo\u00e7\u00e3o de investimentos e com\u00e9rcio exterior do estado, participaram tamb\u00e9m prefeitos, secret\u00e1rios municipais de Desenvolvimento Econ\u00f4mico e empres\u00e1rios da regi\u00e3o.<\/p>\n<p>O governador apresentou dados que mostram o crescimento e desenvolvimento econ\u00f4mico de Minas Gerais. Desde de 2019, s\u00e3o R$ 211 bilh\u00f5es em investimentos atra\u00eddos para o estado, sendo R$ 6 bilh\u00f5es, somente no Sul de Minas, gerando cerca de 19 mil empregos diretos, em 93 projetos executados em 15 munic\u00edpios.<\/p>\n<p>\u201cO que estamos fazendo aqui \u00e9 o que faz Minas dar certo. \u00c9 o Estado trabalhando junto com o setor produtivo, que investe e gera empregos, e ao lado dos prefeitos, que atuam onde a vida acontece, sempre mais pr\u00f3ximos do cidad\u00e3o. Uma de nossas prioridades \u00e9 desburocratizar, tornar o Estado amigo de quem investe e emprega, e fazer a economia girar\u201d, ressaltou.<\/p>\n<p><strong>Desenvolvimento em Pouso Alegre<\/strong><\/p>\n<p>A cidade assinou o decreto de liberdade econ\u00f4mica em dezembro de 2021. O munic\u00edpio atraiu R$ 166,5 milh\u00f5es em investimentos em tr\u00eas projetos, com a gera\u00e7\u00e3o de 365 empregos. Entre 2019 e 2021, foram 5,2 mil vagas criadas. Entre os projetos aprovados na cidade est\u00e1 o da Midea: uma das maiores fabricantes de eletrodom\u00e9sticos do mundo vai construir uma nova f\u00e1brica na cidade com expectativa de gerar 500 empregos diretos.<\/p>\n<p>Uma das empresas de destaque da cidade \u00e9 a Bimbo, l\u00edder mundial da ind\u00fastria de panifica\u00e7\u00e3o, que foi inaugurada em mar\u00e7o, em Pouso Alegre. A unidade trabalha na fabrica\u00e7\u00e3o de p\u00e3es diversos com foco em p\u00e3o de hamb\u00farguer para redes de fast-food presentes no Brasil.<\/p>\n<p>O investimento previsto na unidade de Pouso Alegre \u00e9 de R$ 400 milh\u00f5es, com faturamento de R$ 220 milh\u00f5es, de 2022 em diante.\u00a0 A previs\u00e3o \u00e9 que a empresa gere 300 empregos diretos e mil vagas indiretas na regi\u00e3o.<\/p>\n<p>Outro destaque do munic\u00edpio \u00e9 a ACG, empresa indiana com presen\u00e7a em 138 pa\u00edses em seis continentes, atuando no fornecimento integrado do mundo de produtos e servi\u00e7os de dosagem s\u00f3lida, fornecendo c\u00e1psulas duras, solu\u00e7\u00f5es de barreira de filme e folha, sistemas de rastreamento e processo, embalagem e equipamentos de inspe\u00e7\u00e3o. A expectativa \u00e9 a de que a empresa invista cerca de R$ 204,3 milh\u00f5es em Minas na execu\u00e7\u00e3o de dois projetos, gerando aproximadamente 300 empregos diretos.<\/p>\n<p>Na manh\u00e3 desta ter\u00e7a-feira (11\/4), o governador visitou as f\u00e1bricas da Bimbo e da ACG, onde conheceu as instala\u00e7\u00f5es e se encontrou com os diretores das empresas. Romeu Zema destacou a import\u00e2ncia de ind\u00fastrias para o desenvolvimento econ\u00f4mico do estado.<\/p>\n<p>\u201cFiz duas visitas que me deixaram muito satisfeito. Primeiro, na ACG, que est\u00e1 ampliando sua produ\u00e7\u00e3o em 50% e vai contratar mais 100 funcion\u00e1rios. E tamb\u00e9m conheci a Bimbo, que come\u00e7ou a operar recentemente, j\u00e1 est\u00e1 empregando 600 funcion\u00e1rios e pretende criar um terceiro turno. Fato que vai aumentar o n\u00famero de vagas em aproximadamente 300 novos empregados\u201d, disse<\/p>\n<p>Al\u00e9m disso, destaca-se no Sul do estado o programa Sol de Minas, de energia fotovoltaica. Desde de 2019, houve um crescimento de 568% na energia solar instalada no munic\u00edpio. O investimento previsto pela\u00a0<a href=\"http:\/\/www.cemig.com.br\/\" target=\"_blank\" rel=\"noopener\">Cemig<\/a>\u00a0para a cidade, em 2022, \u00e9 de R$ 726,5 mil, sendo R$ 684 mil j\u00e1 conclu\u00eddos, por meio do programa de Efici\u00eancia Energ\u00e9tica.<\/p>\n<p><strong>Minas Livre para Crescer<\/strong><\/p>\n<p>O Minas Livre para Crescer \u00e9 um programa estrat\u00e9gico da\u00a0<a href=\"http:\/\/www.desenvolvimento.mg.gov.br\/\" target=\"_blank\" rel=\"noopener\">Secretaria de Estado de Desenvolvimento Econ\u00f4mico (Sede)<\/a>\u00a0que tem o objetivo de diminuir a burocracia e os custos para novos empreendimentos. Ao todo, 458 atos j\u00e1 foram revogados, entre decretos, portarias e resolu\u00e7\u00f5es, com o intuito de simplificar a vida do investidor. Al\u00e9m disso, 701 atividades foram dispensadas de alvar\u00e1.<\/p>\n<p>No Sul do estado, 36 munic\u00edpios j\u00e1 publicaram decreto de liberdade econ\u00f4mica.\u00a0 Al\u00e9m disso, cinco arranjos produtivos locais foram reconhecidos na regi\u00e3o, incentivando a instala\u00e7\u00e3o de empresas.<\/p>\n<p>Al\u00e9m disso, o governador sancionou, em 2021, o projeto de lei que criou uma pol\u00edtica de desenvolvimento industrial do Sul de Minas. A a\u00e7\u00e3o busca a atra\u00e7\u00e3o de ind\u00fastrias e a melhoria da infraestrutura, como as estradas da regi\u00e3o, para incentivar a gera\u00e7\u00e3o de neg\u00f3cios e empregos.<\/p>\n<p>Fonte: Ag\u00eancia Minas<\/p>\n","protected":false},"excerpt":{"rendered":"<p>O governador Romeu Zema participou, nesta ter\u00e7a-feira (12\/4), do evento \u201cPerspectivas da Ind\u00fastria para 2022 e Atra\u00e7\u00f5es de Investimentos para os munic\u00edpios do Sul de Minas\u201d, realizado pela Federa\u00e7\u00e3o das Ind\u00fastrias do Estado de Minas Gerais (Fiemg), na cidade de Pouso Alegre. O encontro contou com a parceria do Servi\u00e7o Brasileiro de Apoio \u00e0s Micro [&hellip;]<\/p>\n","protected":false},"author":246,"featured_media":197533,"comment_status":"closed","ping_status":"closed","sticky":false,"template":"","format":"standard","meta":{"footnotes":""},"categories":[436,440,254,439],"tags":[],"class_list":["post-197532","post","type-post","status-publish","format-standard","has-post-thumbnail","hentry","category-destaque-da-semana","category-destaques-do-dia","category-politica","category-ultima-hora"],"_links":{"self":[{"href":"https:\/\/diarioregionaldigital.com.br\/index.php?rest_route=\/wp\/v2\/posts\/197532","targetHints":{"allow":["GET"]}}],"collection":[{"href":"https:\/\/diarioregionaldigital.com.br\/index.php?rest_route=\/wp\/v2\/posts"}],"about":[{"href":"https:\/\/diarioregionaldigital.com.br\/index.php?rest_route=\/wp\/v2\/types\/post"}],"author":[{"embeddable":true,"href":"https:\/\/diarioregionaldigital.com.br\/index.php?rest_route=\/wp\/v2\/users\/246"}],"replies":[{"embeddable":true,"href":"https:\/\/diarioregionaldigital.com.br\/index.php?rest_route=%2Fwp%2Fv2%2Fcomments&post=197532"}],"version-history":[{"count":1,"href":"https:\/\/diarioregionaldigital.com.br\/index.php?rest_route=\/wp\/v2\/posts\/197532\/revisions"}],"predecessor-version":[{"id":197534,"href":"https:\/\/diarioregionaldigital.com.br\/index.php?rest_route=\/wp\/v2\/posts\/197532\/revisions\/197534"}],"wp:featuredmedia":[{"embeddable":true,"href":"https:\/\/diarioregionaldigital.com.br\/index.php?rest_route=\/wp\/v2\/media\/197533"}],"wp:attachment":[{"href":"https:\/\/diarioregionaldigital.com.br\/index.php?rest_route=%2Fwp%2Fv2%2Fmedia&parent=197532"}],"wp:term":[{"taxonomy":"category","embeddable":true,"href":"https:\/\/diarioregionaldigital.com.br\/index.php?rest_route=%2Fwp%2Fv2%2Fcategories&post=197532"},{"taxonomy":"post_tag","embeddable":true,"href":"https:\/\/diarioregionaldigital.com.br\/index.php?rest_route=%2Fwp%2Fv2%2Ftags&post=197532"}],"curies":[{"name":"wp","href":"https:\/\/api.w.org\/{rel}","templated":true}]}}