{"id":197529,"date":"2022-04-12T19:43:42","date_gmt":"2022-04-12T22:43:42","guid":{"rendered":"https:\/\/diarioregionaldigital.com.br\/?p=197529"},"modified":"2022-04-12T19:43:42","modified_gmt":"2022-04-12T22:43:42","slug":"producao-de-motocicletas-tem-alta-de-37-no-primeiro-trimestre","status":"publish","type":"post","link":"https:\/\/diarioregionaldigital.com.br\/?p=197529","title":{"rendered":"Produ\u00e7\u00e3o de motocicletas tem alta de 37% no primeiro trimestre"},"content":{"rendered":"<p>A produ\u00e7\u00e3o de motocicletas no Polo Industrial de Manaus teve um crescimento de 37,8% no primeiro trimestre deste ano em compara\u00e7\u00e3o com o mesmo per\u00edodo de 2021. Foram fabricadas, de janeiro a mar\u00e7o, 327,1 mil ve\u00edculos de duas rodas, segundo balan\u00e7o divulgado\u00a0hoje\u00a0(12) pela Associa\u00e7\u00e3o Brasileira dos Fabricantes de Motocicletas, Bicicletas e Similares (Abraciclo).<img decoding=\"async\" src=\"https:\/\/agenciabrasil.ebc.com.br\/ebc.png?id=1453585&amp;o=node\" \/><img decoding=\"async\" src=\"https:\/\/agenciabrasil.ebc.com.br\/ebc.gif?id=1453585&amp;o=node\" \/><\/p>\n<p>Em mar\u00e7o, a produ\u00e7\u00e3o de motocicletas superou em 8,4% os resultados do mesmo m\u00eas de 2021, com a fabrica\u00e7\u00e3o de 136,5 mil unidades. Para o presidente da Abraciclo, Marcos Fermanian, a alta neste in\u00edcio de ano compensa as perdas enfrentadas durante a pandemia de covid-19. \u201cConseguimos recuperar um pouco do que n\u00f3s perdemos nos meses anteriores\u201d, enfatizou durante a apresenta\u00e7\u00e3o dos dados.<\/p>\n<p>Apesar da melhora, Fermanian afirmou\u00a0que a ind\u00fastria de motos ainda busca retomar os patamares de 2011, quando chegaram a ser fabricadas mais de 2 milh\u00f5es de unidades por ano. \u201cAinda estamos\u00a0muito distante do nosso per\u00edodo alvo. A perspectiva \u00e9 que gradualmente a gente continue avan\u00e7ando e chegue no patamar de 2 milh\u00f5es novamente\u201d, disse.<\/p>\n<p>Segundo o presidente da Abraciclo, a ind\u00fastria ainda \u00e9 afetada pelos problemas log\u00edsticos causados pela pandemia. No entanto, ele acredita que este n\u00e3o ser\u00e1 um entrava para a expans\u00e3o do setor de motos neste ano. \u201cCada marca tem lidado com pequenos entraves no dia a dia. De forma geral nossa ind\u00fastria tem conseguido suplantar essas dificuldades, em linhas gerais estamos conseguindo avan\u00e7ar bem este ano\u201d, avaliou.<\/p>\n<h2>Vendas e exporta\u00e7\u00f5es<\/h2>\n<p>As vendas de motos novas cresceram 33,7% no primeiro trimestre do ano em rela\u00e7\u00e3o o per\u00edodo\u00a0de janeiro\u00a0a mar\u00e7o de 2021, com o emplacamento de 274,6 mil unidades.<\/p>\n<p>As exporta\u00e7\u00f5es tiveram queda de 19,6% nos primeiros tr\u00eas meses do ano, com a venda de 10,5 mil unidades para o exterior.<\/p>\n<h2>Bicicletas<\/h2>\n<p>A produ\u00e7\u00e3o de bicicletas teve eleva\u00e7\u00e3o de 7,1% no primeiro trimestre de 2022 na compara\u00e7\u00e3o com o mesmo per\u00edodo do ano passado, o que representa a fabrica\u00e7\u00e3o de 183 mil unidades.<\/p>\n<p>De acordo com o vice-presidente de bicicletas da Abraciclo, Cyro Gazola, o setor ainda enfrenta problemas no abastecimento de pe\u00e7as e componentes causando pela pandemia. Por\u00e9m, a perspectiva \u00e9 de que seja poss\u00edvel alcan\u00e7ar uma produ\u00e7\u00e3o 17% maior do que a de 2021.<\/p>\n<p>Fonte: Ag\u00eancia Brasil<\/p>\n","protected":false},"excerpt":{"rendered":"<p>A produ\u00e7\u00e3o de motocicletas no Polo Industrial de Manaus teve um crescimento de 37,8% no primeiro trimestre deste ano em compara\u00e7\u00e3o com o mesmo per\u00edodo de 2021. Foram fabricadas, de janeiro a mar\u00e7o, 327,1 mil ve\u00edculos de duas rodas, segundo balan\u00e7o divulgado\u00a0hoje\u00a0(12) pela Associa\u00e7\u00e3o Brasileira dos Fabricantes de Motocicletas, Bicicletas e Similares (Abraciclo). Em mar\u00e7o, [&hellip;]<\/p>\n","protected":false},"author":246,"featured_media":197530,"comment_status":"closed","ping_status":"closed","sticky":false,"template":"","format":"standard","meta":{"footnotes":""},"categories":[436,261,439],"tags":[],"class_list":["post-197529","post","type-post","status-publish","format-standard","has-post-thumbnail","hentry","category-destaque-da-semana","category-economia","category-ultima-hora"],"_links":{"self":[{"href":"https:\/\/diarioregionaldigital.com.br\/index.php?rest_route=\/wp\/v2\/posts\/197529","targetHints":{"allow":["GET"]}}],"collection":[{"href":"https:\/\/diarioregionaldigital.com.br\/index.php?rest_route=\/wp\/v2\/posts"}],"about":[{"href":"https:\/\/diarioregionaldigital.com.br\/index.php?rest_route=\/wp\/v2\/types\/post"}],"author":[{"embeddable":true,"href":"https:\/\/diarioregionaldigital.com.br\/index.php?rest_route=\/wp\/v2\/users\/246"}],"replies":[{"embeddable":true,"href":"https:\/\/diarioregionaldigital.com.br\/index.php?rest_route=%2Fwp%2Fv2%2Fcomments&post=197529"}],"version-history":[{"count":1,"href":"https:\/\/diarioregionaldigital.com.br\/index.php?rest_route=\/wp\/v2\/posts\/197529\/revisions"}],"predecessor-version":[{"id":197531,"href":"https:\/\/diarioregionaldigital.com.br\/index.php?rest_route=\/wp\/v2\/posts\/197529\/revisions\/197531"}],"wp:featuredmedia":[{"embeddable":true,"href":"https:\/\/diarioregionaldigital.com.br\/index.php?rest_route=\/wp\/v2\/media\/197530"}],"wp:attachment":[{"href":"https:\/\/diarioregionaldigital.com.br\/index.php?rest_route=%2Fwp%2Fv2%2Fmedia&parent=197529"}],"wp:term":[{"taxonomy":"category","embeddable":true,"href":"https:\/\/diarioregionaldigital.com.br\/index.php?rest_route=%2Fwp%2Fv2%2Fcategories&post=197529"},{"taxonomy":"post_tag","embeddable":true,"href":"https:\/\/diarioregionaldigital.com.br\/index.php?rest_route=%2Fwp%2Fv2%2Ftags&post=197529"}],"curies":[{"name":"wp","href":"https:\/\/api.w.org\/{rel}","templated":true}]}}