{"id":197526,"date":"2022-04-12T19:41:43","date_gmt":"2022-04-12T22:41:43","guid":{"rendered":"https:\/\/diarioregionaldigital.com.br\/?p=197526"},"modified":"2022-04-12T19:41:43","modified_gmt":"2022-04-12T22:41:43","slug":"brasil-lanca-novo-sistema-de-precos-de-transferencia","status":"publish","type":"post","link":"https:\/\/diarioregionaldigital.com.br\/?p=197526","title":{"rendered":"Brasil lan\u00e7a novo sistema de pre\u00e7os de transfer\u00eancia"},"content":{"rendered":"<p>O ministro da Economia, Paulo Guedes, disse hoje (12) que a cria\u00e7\u00e3o de um novo sistema de pre\u00e7os de transfer\u00eancia pelo Brasil representa \u201cum passo decisivo\u201d para o acesso do pa\u00eds \u00e0 Organiza\u00e7\u00e3o para a Coopera\u00e7\u00e3o e Desenvolvimento Econ\u00f4mico (OCDE).<img decoding=\"async\" src=\"https:\/\/agenciabrasil.ebc.com.br\/ebc.png?id=1453540&amp;o=node\" \/><img decoding=\"async\" src=\"https:\/\/agenciabrasil.ebc.com.br\/ebc.gif?id=1453540&amp;o=node\" \/><\/p>\n<p>O sistema de pre\u00e7os de transfer\u00eancia \u00e9 um procedimento pelo qual as multinacionais movem lucros de um pa\u00eds para outro, em geral de suas filiais em dire\u00e7\u00e3o \u00e0 matriz, ou para pa\u00edses onde as legisla\u00e7\u00f5es possibilitam tributa\u00e7\u00f5es mais favor\u00e1veis, como \u00e9 o caso de para\u00edsos fiscais.<\/p>\n<p>Segundo o Minist\u00e9rio da Economia, o novo sistema de pre\u00e7os de transfer\u00eancia \u00e9 resultado de projeto iniciado em 2018, \u201cque examinou as semelhan\u00e7as e diferen\u00e7as entre as abordagens de pre\u00e7os de transfer\u00eancia brasileira e da OCDE e resultou no relat\u00f3rio de converg\u00eancia para o padr\u00e3o OCDE\u201d.<\/p>\n<p>\u201cO antigo sistema deixava em aberto possibilidade de bitributa\u00e7\u00e3o, que atingiria empresas europeias que queriam investir no Brasil. No outro extremo, [possibilitava] a evas\u00e3o fiscal, que \u00e9 a transfer\u00eancia de lucros entre diferentes jurisdi\u00e7\u00f5es\u201d, explicou Paulo Guedes durante a apresenta\u00e7\u00e3o do novo sistema.<\/p>\n<p>\u201cO grande avan\u00e7o de hoje evitar\u00e1 dois males: o da tributa\u00e7\u00e3o excessiva, que impede investimentos; e o mal da evas\u00e3o, atrav\u00e9s de transfer\u00eancia de lucros para legisla\u00e7\u00f5es que tenham tributa\u00e7\u00f5es mais favor\u00e1veis\u201d, acrescentou.<\/p>\n<h2>Imposto m\u00ednimo<\/h2>\n<p>Segundo Guedes, a comunidade global \u201cse abra\u00e7a\u201d por meio dessas pr\u00e1ticas. \u201cQuero enfatizar o momento especial em que isso acontece\u201d, disse ao lembrar que a negocia\u00e7\u00e3o do novo acordo tribut\u00e1rio global \u201c\u00e9 de imposto m\u00ednimo sobre as grandes multinacionais\u201d.<\/p>\n<p>Ele reafirmou que o Brasil est\u00e1 \u201cbastante avan\u00e7ado nessa reta final de acesso \u00e0 OCDE\u201d, e que o passo dado hoje \u00e9 \u201cdecisivo\u201d para esse acesso, uma vez que ajuda o pa\u00eds a convergir com os padr\u00f5es internacionais.<\/p>\n<p>\u201cQueremos, com esse passo inicial no novo sistema, lubrificar os canais de investimentos para o Brasil se beneficiar dos investimentos que a Europa vai fazer em busca de novas \u00e1reas de investimentos para seguran\u00e7a energ\u00e9tica e alimentar\u201d, argumentou, ap\u00f3s citar o atual cen\u00e1rio geopol\u00edtico daquele continente em meio a press\u00f5es pol\u00edticas, sans\u00f5es econ\u00f4micas e rupturas agravadas pela guerra entre R\u00fassia e Ucr\u00e2nia.<\/p>\n<p>Fonte: Ag\u00eancia Brasil<\/p>\n","protected":false},"excerpt":{"rendered":"<p>O ministro da Economia, Paulo Guedes, disse hoje (12) que a cria\u00e7\u00e3o de um novo sistema de pre\u00e7os de transfer\u00eancia pelo Brasil representa \u201cum passo decisivo\u201d para o acesso do pa\u00eds \u00e0 Organiza\u00e7\u00e3o para a Coopera\u00e7\u00e3o e Desenvolvimento Econ\u00f4mico (OCDE). O sistema de pre\u00e7os de transfer\u00eancia \u00e9 um procedimento pelo qual as multinacionais movem lucros [&hellip;]<\/p>\n","protected":false},"author":246,"featured_media":197527,"comment_status":"closed","ping_status":"closed","sticky":false,"template":"","format":"standard","meta":{"footnotes":""},"categories":[436,261,439],"tags":[],"class_list":["post-197526","post","type-post","status-publish","format-standard","has-post-thumbnail","hentry","category-destaque-da-semana","category-economia","category-ultima-hora"],"_links":{"self":[{"href":"https:\/\/diarioregionaldigital.com.br\/index.php?rest_route=\/wp\/v2\/posts\/197526","targetHints":{"allow":["GET"]}}],"collection":[{"href":"https:\/\/diarioregionaldigital.com.br\/index.php?rest_route=\/wp\/v2\/posts"}],"about":[{"href":"https:\/\/diarioregionaldigital.com.br\/index.php?rest_route=\/wp\/v2\/types\/post"}],"author":[{"embeddable":true,"href":"https:\/\/diarioregionaldigital.com.br\/index.php?rest_route=\/wp\/v2\/users\/246"}],"replies":[{"embeddable":true,"href":"https:\/\/diarioregionaldigital.com.br\/index.php?rest_route=%2Fwp%2Fv2%2Fcomments&post=197526"}],"version-history":[{"count":1,"href":"https:\/\/diarioregionaldigital.com.br\/index.php?rest_route=\/wp\/v2\/posts\/197526\/revisions"}],"predecessor-version":[{"id":197528,"href":"https:\/\/diarioregionaldigital.com.br\/index.php?rest_route=\/wp\/v2\/posts\/197526\/revisions\/197528"}],"wp:featuredmedia":[{"embeddable":true,"href":"https:\/\/diarioregionaldigital.com.br\/index.php?rest_route=\/wp\/v2\/media\/197527"}],"wp:attachment":[{"href":"https:\/\/diarioregionaldigital.com.br\/index.php?rest_route=%2Fwp%2Fv2%2Fmedia&parent=197526"}],"wp:term":[{"taxonomy":"category","embeddable":true,"href":"https:\/\/diarioregionaldigital.com.br\/index.php?rest_route=%2Fwp%2Fv2%2Fcategories&post=197526"},{"taxonomy":"post_tag","embeddable":true,"href":"https:\/\/diarioregionaldigital.com.br\/index.php?rest_route=%2Fwp%2Fv2%2Ftags&post=197526"}],"curies":[{"name":"wp","href":"https:\/\/api.w.org\/{rel}","templated":true}]}}