{"id":197519,"date":"2022-04-12T19:38:02","date_gmt":"2022-04-12T22:38:02","guid":{"rendered":"https:\/\/diarioregionaldigital.com.br\/?p=197519"},"modified":"2022-04-12T19:38:02","modified_gmt":"2022-04-12T22:38:02","slug":"setor-de-servicos-recua-02-de-janeiro-para-fevereiro-diz-ibge","status":"publish","type":"post","link":"https:\/\/diarioregionaldigital.com.br\/?p=197519","title":{"rendered":"Setor de servi\u00e7os recua 0,2% de janeiro para fevereiro, diz IBGE"},"content":{"rendered":"<p>O volume de servi\u00e7os no Brasil caiu 0,2% em fevereiro deste ano na compara\u00e7\u00e3o com o m\u00eas anterior. O setor j\u00e1 havia tido uma queda de 1,8% em janeiro. Com isso, o segmento acumula perda de 2% nos dois primeiros meses do ano, segundo os dados da Pesquisa Mensal de Servi\u00e7os (PMS), divulgada hoje (12) pelo Instituto Brasileiro de Geografia e Estat\u00edstica (IBGE).<img decoding=\"async\" src=\"https:\/\/agenciabrasil.ebc.com.br\/ebc.png?id=1453495&amp;o=node\" \/><img decoding=\"async\" src=\"https:\/\/agenciabrasil.ebc.com.br\/ebc.gif?id=1453495&amp;o=node\" \/><\/p>\n<p>O setor se encontra 5,4% acima do n\u00edvel de fevereiro de 2020, ou seja, do per\u00edodo pr\u00e9-pandemia de covid-19, mas 7% abaixo de novembro de 2014, o ponto mais alto da s\u00e9rie hist\u00f3rica da pesquisa, iniciada em 2012.<\/p>\n<p>O volume de servi\u00e7os cresceu 7,4% na compara\u00e7\u00e3o com fevereiro de 2021, 8,4% no primeiro bimestre (em compara\u00e7\u00e3o com o mesmo per\u00edodo do ano passado) e 13% no acumulado de 12 meses.<\/p>\n<p>Na passagem de janeiro para fevereiro, a queda foi puxada por duas atividades: servi\u00e7os de informa\u00e7\u00e3o e comunica\u00e7\u00e3o (-1,2%) e outros servi\u00e7os (-0,9%).<\/p>\n<p>Por outro lado, tr\u00eas atividades tiveram alta de janeiro para fevereiro: transportes (2%), servi\u00e7os profissionais, administrativos e complementares (1,4%) e os prestados \u00e0s fam\u00edlias (0,1%).<\/p>\n<p>O agregado de atividades tur\u00edsticas, tamb\u00e9m analisado pela pesquisa, teve um recuo de 1% no per\u00edodo.<\/p>\n<p>Em rela\u00e7\u00e3o \u00e0 receita nominal, os servi\u00e7os tiveram queda de 1,5% na compara\u00e7\u00e3o com janeiro, mas cresceram 13,1% em rela\u00e7\u00e3o a fevereiro do ano passado, 14,1% no primeiro bimestre e 17,2% no acumulado de 12 meses.<\/p>\n<p>Fonte: Ag\u00eancia Brasil<\/p>\n","protected":false},"excerpt":{"rendered":"<p>O volume de servi\u00e7os no Brasil caiu 0,2% em fevereiro deste ano na compara\u00e7\u00e3o com o m\u00eas anterior. O setor j\u00e1 havia tido uma queda de 1,8% em janeiro. Com isso, o segmento acumula perda de 2% nos dois primeiros meses do ano, segundo os dados da Pesquisa Mensal de Servi\u00e7os (PMS), divulgada hoje (12) [&hellip;]<\/p>\n","protected":false},"author":246,"featured_media":197520,"comment_status":"closed","ping_status":"closed","sticky":false,"template":"","format":"standard","meta":{"footnotes":""},"categories":[436,440,261,439],"tags":[],"class_list":["post-197519","post","type-post","status-publish","format-standard","has-post-thumbnail","hentry","category-destaque-da-semana","category-destaques-do-dia","category-economia","category-ultima-hora"],"_links":{"self":[{"href":"https:\/\/diarioregionaldigital.com.br\/index.php?rest_route=\/wp\/v2\/posts\/197519","targetHints":{"allow":["GET"]}}],"collection":[{"href":"https:\/\/diarioregionaldigital.com.br\/index.php?rest_route=\/wp\/v2\/posts"}],"about":[{"href":"https:\/\/diarioregionaldigital.com.br\/index.php?rest_route=\/wp\/v2\/types\/post"}],"author":[{"embeddable":true,"href":"https:\/\/diarioregionaldigital.com.br\/index.php?rest_route=\/wp\/v2\/users\/246"}],"replies":[{"embeddable":true,"href":"https:\/\/diarioregionaldigital.com.br\/index.php?rest_route=%2Fwp%2Fv2%2Fcomments&post=197519"}],"version-history":[{"count":1,"href":"https:\/\/diarioregionaldigital.com.br\/index.php?rest_route=\/wp\/v2\/posts\/197519\/revisions"}],"predecessor-version":[{"id":197521,"href":"https:\/\/diarioregionaldigital.com.br\/index.php?rest_route=\/wp\/v2\/posts\/197519\/revisions\/197521"}],"wp:featuredmedia":[{"embeddable":true,"href":"https:\/\/diarioregionaldigital.com.br\/index.php?rest_route=\/wp\/v2\/media\/197520"}],"wp:attachment":[{"href":"https:\/\/diarioregionaldigital.com.br\/index.php?rest_route=%2Fwp%2Fv2%2Fmedia&parent=197519"}],"wp:term":[{"taxonomy":"category","embeddable":true,"href":"https:\/\/diarioregionaldigital.com.br\/index.php?rest_route=%2Fwp%2Fv2%2Fcategories&post=197519"},{"taxonomy":"post_tag","embeddable":true,"href":"https:\/\/diarioregionaldigital.com.br\/index.php?rest_route=%2Fwp%2Fv2%2Ftags&post=197519"}],"curies":[{"name":"wp","href":"https:\/\/api.w.org\/{rel}","templated":true}]}}