{"id":197515,"date":"2022-04-12T17:49:18","date_gmt":"2022-04-12T20:49:18","guid":{"rendered":"https:\/\/diarioregionaldigital.com.br\/?p=197515"},"modified":"2022-04-12T17:49:18","modified_gmt":"2022-04-12T20:49:18","slug":"policia-militar-prende-autor-e-apreende-arma-de-fogo-no-bairro-miguel-marinho","status":"publish","type":"post","link":"https:\/\/diarioregionaldigital.com.br\/?p=197515","title":{"rendered":"Pol\u00edcia Militar prende autor e apreende arma de fogo no bairro Miguel Marinho"},"content":{"rendered":"<p>No dia 11abr22 por volta das 18h49min, a Pol\u00edcia Militar durante desencadeamento de Opera\u00e7\u00e3o Policial deslocou at\u00e9 a Rua Coronel Sebasti\u00e3o Halfeld no bairro Miguel Marinho para verifica\u00e7\u00e3o de den\u00fancia referente a foragido da Justi\u00e7a. No local, durante as dilig\u00eancias o suspeito foi abordado, a exist\u00eancia do mandado confirmada tendo sido ainda apreendido na resid\u00eancia dele um rev\u00f3lver calibre .32 e seis muni\u00e7\u00f5es calibre .32. O autor, um homem de 41 anos, foi conduzido \u00e0 Delegacia com os materiais apreendidos.<\/p>\n","protected":false},"excerpt":{"rendered":"<p>No dia 11abr22 por volta das 18h49min, a Pol\u00edcia Militar durante desencadeamento de Opera\u00e7\u00e3o Policial deslocou at\u00e9 a Rua Coronel Sebasti\u00e3o Halfeld no bairro Miguel Marinho para verifica\u00e7\u00e3o de den\u00fancia referente a foragido da Justi\u00e7a. No local, durante as dilig\u00eancias o suspeito foi abordado, a exist\u00eancia do mandado confirmada tendo sido ainda apreendido na resid\u00eancia [&hellip;]<\/p>\n","protected":false},"author":246,"featured_media":197516,"comment_status":"closed","ping_status":"closed","sticky":false,"template":"","format":"standard","meta":{"footnotes":""},"categories":[301,436,439],"tags":[],"class_list":["post-197515","post","type-post","status-publish","format-standard","has-post-thumbnail","hentry","category-artigos-policiais","category-destaque-da-semana","category-ultima-hora"],"_links":{"self":[{"href":"https:\/\/diarioregionaldigital.com.br\/index.php?rest_route=\/wp\/v2\/posts\/197515","targetHints":{"allow":["GET"]}}],"collection":[{"href":"https:\/\/diarioregionaldigital.com.br\/index.php?rest_route=\/wp\/v2\/posts"}],"about":[{"href":"https:\/\/diarioregionaldigital.com.br\/index.php?rest_route=\/wp\/v2\/types\/post"}],"author":[{"embeddable":true,"href":"https:\/\/diarioregionaldigital.com.br\/index.php?rest_route=\/wp\/v2\/users\/246"}],"replies":[{"embeddable":true,"href":"https:\/\/diarioregionaldigital.com.br\/index.php?rest_route=%2Fwp%2Fv2%2Fcomments&post=197515"}],"version-history":[{"count":2,"href":"https:\/\/diarioregionaldigital.com.br\/index.php?rest_route=\/wp\/v2\/posts\/197515\/revisions"}],"predecessor-version":[{"id":197518,"href":"https:\/\/diarioregionaldigital.com.br\/index.php?rest_route=\/wp\/v2\/posts\/197515\/revisions\/197518"}],"wp:featuredmedia":[{"embeddable":true,"href":"https:\/\/diarioregionaldigital.com.br\/index.php?rest_route=\/wp\/v2\/media\/197516"}],"wp:attachment":[{"href":"https:\/\/diarioregionaldigital.com.br\/index.php?rest_route=%2Fwp%2Fv2%2Fmedia&parent=197515"}],"wp:term":[{"taxonomy":"category","embeddable":true,"href":"https:\/\/diarioregionaldigital.com.br\/index.php?rest_route=%2Fwp%2Fv2%2Fcategories&post=197515"},{"taxonomy":"post_tag","embeddable":true,"href":"https:\/\/diarioregionaldigital.com.br\/index.php?rest_route=%2Fwp%2Fv2%2Ftags&post=197515"}],"curies":[{"name":"wp","href":"https:\/\/api.w.org\/{rel}","templated":true}]}}