{"id":197498,"date":"2022-04-11T19:14:02","date_gmt":"2022-04-11T22:14:02","guid":{"rendered":"https:\/\/diarioregionaldigital.com.br\/?p=197498"},"modified":"2022-04-11T19:14:02","modified_gmt":"2022-04-11T22:14:02","slug":"empav-realiza-zeladoria-na-avenida-rio-branco-e-outras-17-vias-de-juiz-de-fora-em-uma-semana","status":"publish","type":"post","link":"https:\/\/diarioregionaldigital.com.br\/?p=197498","title":{"rendered":"Empav realiza zeladoria na Avenida Rio Branco e outras 17 vias de Juiz de Fora em uma semana"},"content":{"rendered":"<p>Segundo informa\u00e7\u00f5es do site da Prefeitura de Juiz de Fora, o Programa Boniteza segue executando melhorias para evidenciar ainda mais as belezas da cidade. Entre os dias 4 e 9 de abril, as equipes da Empresa Municipal de Pavimenta\u00e7\u00e3o e Urbaniza\u00e7\u00e3o (Empav) atenderam 18 vias, incluindo a Av. Bar\u00e3o do Rio Branco, com servi\u00e7os de poda de grama, limpeza e poda de \u00e1rvore.<\/p>\n<p>Ao todo, foram 127 podas e seis cortes em 16 bairros diferentes. Nove pra\u00e7as tamb\u00e9m foram atendidas, entre elas a pra\u00e7a Miguel Gustavo, no Bandeirantes, a pra\u00e7a Romeu Bellin, no S\u00e3o Sebasti\u00e3o, e a pra\u00e7a do bairro Grama.<\/p>\n<p>A programa\u00e7\u00e3o di\u00e1ria de todas as atividades realizadas pela Empav pode ser acompanhada atrav\u00e9s da p\u00e1gina do Gabinete de A\u00e7\u00e3o e Di\u00e1logo Comunit\u00e1rio, pelo<a href=\"https:\/\/www.pjf.mg.gov.br\/gabinetecomunitario\/#onde\">\u00a0link<\/a>.<\/p>\n<p>Todas as a\u00e7\u00f5es de reestrutura\u00e7\u00e3o, urbaniza\u00e7\u00e3o e zeladoria realizadas pela Empav fazem parte do Programa Boniteza. Voc\u00ea pode solicitar estes e outros servi\u00e7os atrav\u00e9s do Gabinete de A\u00e7\u00e3o e Di\u00e1logo Comunit\u00e1rio, que recebe e organiza pedidos relativos a interven\u00e7\u00f5es e melhorias urbanas. O contato pode ser feito por liga\u00e7\u00e3o telef\u00f4nica, pelo n\u00famero (32) 3690-7241 ou, ainda, via WhatsApp, utilizando o mesmo n\u00famero.<\/p>\n","protected":false},"excerpt":{"rendered":"<p>Segundo informa\u00e7\u00f5es do site da Prefeitura de Juiz de Fora, o Programa Boniteza segue executando melhorias para evidenciar ainda mais as belezas da cidade. Entre os dias 4 e 9 de abril, as equipes da Empresa Municipal de Pavimenta\u00e7\u00e3o e Urbaniza\u00e7\u00e3o (Empav) atenderam 18 vias, incluindo a Av. Bar\u00e3o do Rio Branco, com servi\u00e7os de [&hellip;]<\/p>\n","protected":false},"author":246,"featured_media":197499,"comment_status":"closed","ping_status":"closed","sticky":false,"template":"","format":"standard","meta":{"footnotes":""},"categories":[253,436,439],"tags":[],"class_list":["post-197498","post","type-post","status-publish","format-standard","has-post-thumbnail","hentry","category-cidade","category-destaque-da-semana","category-ultima-hora"],"_links":{"self":[{"href":"https:\/\/diarioregionaldigital.com.br\/index.php?rest_route=\/wp\/v2\/posts\/197498","targetHints":{"allow":["GET"]}}],"collection":[{"href":"https:\/\/diarioregionaldigital.com.br\/index.php?rest_route=\/wp\/v2\/posts"}],"about":[{"href":"https:\/\/diarioregionaldigital.com.br\/index.php?rest_route=\/wp\/v2\/types\/post"}],"author":[{"embeddable":true,"href":"https:\/\/diarioregionaldigital.com.br\/index.php?rest_route=\/wp\/v2\/users\/246"}],"replies":[{"embeddable":true,"href":"https:\/\/diarioregionaldigital.com.br\/index.php?rest_route=%2Fwp%2Fv2%2Fcomments&post=197498"}],"version-history":[{"count":1,"href":"https:\/\/diarioregionaldigital.com.br\/index.php?rest_route=\/wp\/v2\/posts\/197498\/revisions"}],"predecessor-version":[{"id":197500,"href":"https:\/\/diarioregionaldigital.com.br\/index.php?rest_route=\/wp\/v2\/posts\/197498\/revisions\/197500"}],"wp:featuredmedia":[{"embeddable":true,"href":"https:\/\/diarioregionaldigital.com.br\/index.php?rest_route=\/wp\/v2\/media\/197499"}],"wp:attachment":[{"href":"https:\/\/diarioregionaldigital.com.br\/index.php?rest_route=%2Fwp%2Fv2%2Fmedia&parent=197498"}],"wp:term":[{"taxonomy":"category","embeddable":true,"href":"https:\/\/diarioregionaldigital.com.br\/index.php?rest_route=%2Fwp%2Fv2%2Fcategories&post=197498"},{"taxonomy":"post_tag","embeddable":true,"href":"https:\/\/diarioregionaldigital.com.br\/index.php?rest_route=%2Fwp%2Fv2%2Ftags&post=197498"}],"curies":[{"name":"wp","href":"https:\/\/api.w.org\/{rel}","templated":true}]}}