{"id":197495,"date":"2022-04-11T19:11:47","date_gmt":"2022-04-11T22:11:47","guid":{"rendered":"https:\/\/diarioregionaldigital.com.br\/?p=197495"},"modified":"2022-04-11T19:11:47","modified_gmt":"2022-04-11T22:11:47","slug":"simulado-de-emergencia-acontece-pela-primeira-vez-na-regiao-de-benfica","status":"publish","type":"post","link":"https:\/\/diarioregionaldigital.com.br\/?p=197495","title":{"rendered":"Simulado de emerg\u00eancia acontece pela primeira vez na regi\u00e3o de Benfica"},"content":{"rendered":"<p>Segundo informa\u00e7\u00f5es do site da Prefeitura de Juiz de Fora, pela primeira vez, os moradores da regi\u00e3o de Benfica participaram do simulado de emerg\u00eancia para casos de rompimento de barragens. A atividade aconteceu neste \u00faltimo domingo, 10, e foi realizada pela empresa Nexa. Promovendo a cultura de preven\u00e7\u00e3o, a Defesa Civil desenvolveu o trabalho em conjunto com a institui\u00e7\u00e3o durante o processo de planejamento e execu\u00e7\u00e3o.<\/p>\n<p>Seguindo os crit\u00e9rios da lei federal e estadual, a Nexa realiza o simulado desde 2019. A a\u00e7\u00e3o integra o Plano de A\u00e7\u00e3o de Emerg\u00eancia de Barragens de Minera\u00e7\u00e3o (Paemb), que busca medidas efetivas em situa\u00e7\u00f5es de emerg\u00eancia e maior seguran\u00e7a para a comunidade que vive no entorno das barragens. A empresa faz a administra\u00e7\u00e3o da barragem das pedras e da barragem dos peixes, que est\u00e3o seguras e regularmente supervisionadas.<br \/>\nNove carros transmitiram o alerta de evacua\u00e7\u00e3o imediata, seguindo o itiner\u00e1rio por Benfica, Nova Benfica, Ara\u00fajo, Marrocos, Miguel Marinho, Ponte Preta e Vila Esperan\u00e7a. Nesses bairros, foram instaladas placas de sinaliza\u00e7\u00e3o que indicam as rotas de fuga que levam at\u00e9 os pontos de encontro seguros da regi\u00e3o. Ap\u00f3s a chegada nos pontos, os moradores s\u00e3o cadastrados e recebem orienta\u00e7\u00f5es de profissionais.<br \/>\nO simulado tamb\u00e9m j\u00e1 foi realizado no bairro Igrejinha. Ambos apresentaram um resultado satisfat\u00f3rio para o trabalho preventivo. A Defesa Civil, ap\u00f3s ser integrada \u00e0 Secretaria de Governo (SG) na atual gest\u00e3o, intensificou mais a\u00e7\u00f5es de preven\u00e7\u00e3o. Al\u00e9m deste \u00f3rg\u00e3o, outras secretarias da Prefeitura de Juiz de Fora (PJF), como a\u00a0Secretaria de Sustentabilidade em Meio Ambiente e Atividades Urbanas (Sesmaur), Secretaria de Mobilidade Urbana (SMU), e a Guarda Municipal da Secretaria de Seguran\u00e7a Urbana e Cidadania (Sesuc) atuaram na atividade.<\/p>\n","protected":false},"excerpt":{"rendered":"<p>Segundo informa\u00e7\u00f5es do site da Prefeitura de Juiz de Fora, pela primeira vez, os moradores da regi\u00e3o de Benfica participaram do simulado de emerg\u00eancia para casos de rompimento de barragens. A atividade aconteceu neste \u00faltimo domingo, 10, e foi realizada pela empresa Nexa. Promovendo a cultura de preven\u00e7\u00e3o, a Defesa Civil desenvolveu o trabalho em [&hellip;]<\/p>\n","protected":false},"author":246,"featured_media":197496,"comment_status":"closed","ping_status":"closed","sticky":false,"template":"","format":"standard","meta":{"footnotes":""},"categories":[253,436,439],"tags":[],"class_list":["post-197495","post","type-post","status-publish","format-standard","has-post-thumbnail","hentry","category-cidade","category-destaque-da-semana","category-ultima-hora"],"_links":{"self":[{"href":"https:\/\/diarioregionaldigital.com.br\/index.php?rest_route=\/wp\/v2\/posts\/197495","targetHints":{"allow":["GET"]}}],"collection":[{"href":"https:\/\/diarioregionaldigital.com.br\/index.php?rest_route=\/wp\/v2\/posts"}],"about":[{"href":"https:\/\/diarioregionaldigital.com.br\/index.php?rest_route=\/wp\/v2\/types\/post"}],"author":[{"embeddable":true,"href":"https:\/\/diarioregionaldigital.com.br\/index.php?rest_route=\/wp\/v2\/users\/246"}],"replies":[{"embeddable":true,"href":"https:\/\/diarioregionaldigital.com.br\/index.php?rest_route=%2Fwp%2Fv2%2Fcomments&post=197495"}],"version-history":[{"count":1,"href":"https:\/\/diarioregionaldigital.com.br\/index.php?rest_route=\/wp\/v2\/posts\/197495\/revisions"}],"predecessor-version":[{"id":197497,"href":"https:\/\/diarioregionaldigital.com.br\/index.php?rest_route=\/wp\/v2\/posts\/197495\/revisions\/197497"}],"wp:featuredmedia":[{"embeddable":true,"href":"https:\/\/diarioregionaldigital.com.br\/index.php?rest_route=\/wp\/v2\/media\/197496"}],"wp:attachment":[{"href":"https:\/\/diarioregionaldigital.com.br\/index.php?rest_route=%2Fwp%2Fv2%2Fmedia&parent=197495"}],"wp:term":[{"taxonomy":"category","embeddable":true,"href":"https:\/\/diarioregionaldigital.com.br\/index.php?rest_route=%2Fwp%2Fv2%2Fcategories&post=197495"},{"taxonomy":"post_tag","embeddable":true,"href":"https:\/\/diarioregionaldigital.com.br\/index.php?rest_route=%2Fwp%2Fv2%2Ftags&post=197495"}],"curies":[{"name":"wp","href":"https:\/\/api.w.org\/{rel}","templated":true}]}}