{"id":197492,"date":"2022-04-11T19:09:45","date_gmt":"2022-04-11T22:09:45","guid":{"rendered":"https:\/\/diarioregionaldigital.com.br\/?p=197492"},"modified":"2022-04-11T19:09:45","modified_gmt":"2022-04-11T22:09:45","slug":"confira-o-calendario-de-imunizacao-contra-a-covid-19-nesta-terca-feira-12","status":"publish","type":"post","link":"https:\/\/diarioregionaldigital.com.br\/?p=197492","title":{"rendered":"Confira o calend\u00e1rio de imuniza\u00e7\u00e3o contra a Covid-19 nesta ter\u00e7a-feira, 12"},"content":{"rendered":"<p>Segundo informa\u00e7\u00f5es do site da Prefeitura de Juiz de Fora, a\u00a0campanha de vacina\u00e7\u00e3o contra a Covid-19, da Secretaria de Sa\u00fade (SS) da Prefeitura de Juiz de Fora (PJF), continua nesta ter\u00e7a-feira, 12. Todos os p\u00fablicos eletivos poder\u00e3o se imunizar nas Unidades B\u00e1sicas de Sa\u00fade (UBSs), de 8h \u00e0s 10h30 e de 13h \u00e0s 16h. As Unidades de Benfica, Milho Branco e Nossa Senhora das Gra\u00e7as vacinam de 17h \u00e0s 19h.<\/p>\n<p>O Departamento\u00a0de Sa\u00fade da Mulher Gestante, Crian\u00e7a e Adolescentes (DSMGCA), aplica os imunizantes de 8h \u00e0s 16h.\u00a0O Departamento de Sa\u00fade do Idoso (DSI), local em que a imuniza\u00e7\u00e3o \u00e9 exclusiva para o p\u00fablico de 60 anos ou mais, aplica das 8h \u00e0s 16h.<\/p>\n<p><strong>A vacina\u00e7\u00e3o acontece ao mesmo tempo que a Campanha contra a Influenza<\/strong>\u00a0que tem como p\u00fablico alvo os\u00a0<strong>idosos de 75 anos<\/strong>\u00a0<strong>ou mais<\/strong>\u00a0e os\u00a0<strong>Trabalhadores da Sa\u00fade com 40 anos ou mais<\/strong>. Simultaneamente est\u00e1 sendo realizada a\u00a0<strong>Campanha contra o Sarampo<\/strong>\u00a0<strong>para os<\/strong>\u00a0<strong>Trabalhadores da Sa\u00fade,\u00a0<\/strong>voltada para os<strong>\u00a0profissionais com 40 anos ou mais<\/strong>.<\/p>\n<p>A vacina contra a Influenza e contra o Sarampo<strong>\u00a0pode ser recebida por estes p\u00fablicos conjuntamente com os imunizantes contra a Covid-19<\/strong>\u00a0sem qualquer tipo de problema.<\/p>\n<p>A SS destaca a import\u00e2ncia do recebimento da vacina de refor\u00e7o e pede para que todos aqueles que receberam a 2\u00aa dose h\u00e1 pelo menos quatro meses procurem um posto de vacina\u00e7\u00e3o para aumentar sua prote\u00e7\u00e3o contra o v\u00edrus.<\/p>\n<p>As segundas doses dos imunizantes AstraZeneca, Coronavac, Janssen e Pfizer, al\u00e9m das vacinas de refor\u00e7o, s\u00e3o disponibilizadas de forma cont\u00ednua. A 2\u00aa dose da Janssen \u00e9 destinada a todas as pessoas que receberam a primeira dose desse imunizante h\u00e1 dois meses ou data anterior.\u00a0 J\u00e1 o intervalo entre 1\u00aa e 2\u00aa aplica\u00e7\u00e3o da AstraZeneca \u00e9 de oito semanas; da Coronavac \u00e9 de 28 dias; e da Pfizer, de 21 dias. O intervalo da 2\u00aa dose para a aplica\u00e7\u00e3o da vacina de refor\u00e7o \u00e9 de quatro meses.<\/p>\n<p><strong>A lista com todos os endere\u00e7os e hor\u00e1rios de funcionamento dos locais de vacina\u00e7\u00e3o destinados a cada um dos p\u00fablicos est\u00e1 dispon\u00edvel no fim deste texto.\u00a0<\/strong><\/p>\n<p><strong>A pasta explica que as doses de refor\u00e7o, ou terceiras doses, para o p\u00fablico geral s\u00e3o apenas para os adultos, p\u00fablico com 18 anos ou mais.\u00a0 Para os adolescentes, pessoas entre 12 e 17 anos, est\u00e1 liberado apenas para aqueles que possuem algum grau de imunossupress\u00e3o e\/ou gestantes.\u00a0<\/strong><\/p>\n<p><strong>No caso das crian\u00e7as, n\u00e3o h\u00e1 recomenda\u00e7\u00e3o de refor\u00e7o. Os adolescentes, pessoas entre 12 e 17 anos, e as crian\u00e7as, com idades entre 5 e 11 anos, recebem apenas as duas doses contra o coronav\u00edrus. A dose de refor\u00e7o s\u00f3 \u00e9 aplicada para estas pessoas caso elas sejam imunossuprimidas.<\/strong><\/p>\n<p><strong>At\u00e9 o momento, a quarta dose n\u00e3o est\u00e1 liberada para a popula\u00e7\u00e3o geral, sendo recomendada apenas para pessoas com imunossupress\u00e3o e idosos com 75 anos ou mais de idade.<\/strong><\/p>\n<p>&nbsp;<\/p>\n<p><strong>Segundas doses (adultos)<\/strong><\/p>\n<p>&nbsp;<\/p>\n<p><strong>AstraZeneca\u00a0<\/strong>&#8211; A aplica\u00e7\u00e3o da segunda dose de AstraZeneca segue a data descrita no cart\u00e3o de vacina. Portanto, recebem a D2 todos aqueles com retorno agendado para o dia 12 de abril ou data anterior. As UBSs Centro Sul, Benfica, Nossa Senhora Aparecida, Nossa Senhora de Lourdes, Teixeiras, Santa Cec\u00edlia, S\u00e3o Pedro, Nossa das Gra\u00e7as e Milho Branco e Bandeirantes aplicam esses imunizantes.<\/p>\n<p>&nbsp;<\/p>\n<p><strong>Coronavac\u00a0<\/strong>&#8211; A aplica\u00e7\u00e3o da segunda dose do imunizante Coronavac segue a data descrita no cart\u00e3o de vacina. Nesta quinta, recebem a D2 todos aqueles com retorno agendado para o dia 12 de abril ou data anterior, exclusivamente nas unidades Centro Sul, Benfica, Nossa Senhora Aparecida, Nossa Senhora de Lourdes, Teixeiras, Santa Cec\u00edlia, S\u00e3o Pedro, Nossa das Gra\u00e7as e Milho Branco e Bandeirantes aplicam esses imunizantes.<\/p>\n<p>&nbsp;<\/p>\n<p><strong>Janssen\u00a0<\/strong>&#8211; As segundas doses do imunizante Janssen s\u00e3o destinadas \u00e0s pessoas que receberam a primeira dose desta vacina no dia 12 de fevereiro, ou seja, dois meses ap\u00f3s a vacina de dose \u00fanica. A aplica\u00e7\u00e3o ocorre nas UBSs Centro Sul, Benfica, Nossa Senhora Aparecida, Nossa Senhora de Lourdes, Teixeiras, Santa Cec\u00edlia, Bandeirantes, S\u00e3o Pedro, Nossa das Gra\u00e7as e Milho Branco aplicam esses imunizantes.<\/p>\n<p>&nbsp;<\/p>\n<p><strong>Pfizer\u00a0<\/strong>&#8211; Quem recebeu a primeira dose da Pfizer no dia 21 de Mar\u00e7o ou antes pode procurar um dos postos de imuniza\u00e7\u00e3o para receber a segunda. Todas as UBSs aplicam esses imunizantes.<\/p>\n<p>&nbsp;<\/p>\n<p><strong>Doses de refor\u00e7o (adultos)<\/strong><\/p>\n<p>&nbsp;<\/p>\n<p>As doses de refor\u00e7o s\u00e3o destinadas \u00e0s pessoas a partir de 18 anos que receberam a segunda dose h\u00e1 quatro meses ou mais, e s\u00e3o aplicadas nas UBSs.<strong>\u00a0<\/strong>Os imunossuprimidos, que receberam a D2 h\u00e1 pelo menos 28 dias, tamb\u00e9m devem receber a dose de refor\u00e7o, e a quarta dose deve ser aplicada quatro meses ap\u00f3s a D3.\u00a0<strong>Recebem tamb\u00e9m o segundo refor\u00e7o, os idosos de 75 anos ou mais, quatro meses ap\u00f3s receberem a terceira dose.<\/strong>\u00a0Estes p\u00fablicos podem receber as vacinas nas unidades de sa\u00fade.<strong>\u00a0<\/strong>Os idosos a partir de 60 anos, que v\u00e3o receber primeira, segunda dose, vacina de primeiro ou segundo refor\u00e7o, al\u00e9m destes locais, podem ser vacinados no DSI, exclusivamente para esse p\u00fablico, das 8h \u00e0s 16h.<\/p>\n<p>&nbsp;<\/p>\n<p><strong>Aqueles que forem receber a primeira dose da vacina devem apresentar originais e c\u00f3pias de documento de identifica\u00e7\u00e3o com foto (como documento de identidade (RG) ou carteira de motorista) e o CPF, caso o n\u00famero do mesmo n\u00e3o conste na identidade, al\u00e9m da ficha de vacina\u00e7\u00e3o impressa e preenchida. Os pr\u00e9-adolescentes e adolescentes que n\u00e3o tiverem o documento de identidade, podem apresentar a certid\u00e3o de nascimento.\u00a0<\/strong><\/p>\n<p>&nbsp;<\/p>\n<p>As pessoas que v\u00e3o receber a D2 ou a dose de refor\u00e7o precisam apresentar apenas a ficha de vacina\u00e7\u00e3o, o cart\u00e3o de vacina e um documento de identifica\u00e7\u00e3o com foto, enquanto os imunossuprimidos, al\u00e9m destes documentos, devem apresentar um laudo ou atestado m\u00e9dico datado de, no m\u00e1ximo, 12 meses, comprovando a condi\u00e7\u00e3o. Este p\u00fablico pode buscar pela dose de refor\u00e7o a partir de 28 dias do recebimento da 2\u00aa dose. N\u00e3o \u00e9 necess\u00e1ria a apresenta\u00e7\u00e3o de comprovante de resid\u00eancia.<\/p>\n<p>&nbsp;<\/p>\n<p><strong>Refor\u00e7amos o pedido para todos que ser\u00e3o vacinados levarem, impressa e preenchida, a Ficha de Vacina\u00e7\u00e3o, cujo modelo est\u00e1 dispon\u00edvel no site da PJF, isso facilita no momento da triagem e agiliza o processo de vacina\u00e7\u00e3o.<\/strong><\/p>\n<p>&nbsp;<\/p>\n<p><strong>Para as crian\u00e7as<\/strong><\/p>\n<p>&nbsp;<\/p>\n<p>As crian\u00e7as podem receber as primeiras e segundas doses em todas as UBSs e no Departamento\u00a0de Sa\u00fade da Mulher Gestante, Crian\u00e7a e Adolescentes (DSMGCA),\u00a0<strong>bem como as vacinas de rotina.<\/strong><\/p>\n<p>&nbsp;<\/p>\n<p><strong>O intervalo entre a primeira e segunda aplica\u00e7\u00e3o da Covid-19, inicialmente, ser\u00e1 de oito semanas, com a Pfizer, e de 28 dias com a Coronovac. A SS refor\u00e7a o pedido para os pais\/respons\u00e1veis levarem impresso a ficha de vacina\u00e7\u00e3o, que est\u00e1 dispon\u00edvel no site da PJF.<\/strong><\/p>\n<p>&nbsp;<\/p>\n<p>Seguindo recomenda\u00e7\u00f5es dos \u00f3rg\u00e3os competentes, as crian\u00e7as que forem se vacinar contra a Covid-19 n\u00e3o podem ter recebido outra vacina nos \u00faltimos 15 dias e n\u00e3o dever\u00e3o receber outro imunizante nos 15 dias posteriores ao recebimento da primeira dose da vacina Pfizer infantil contra o coronav\u00edrus.\u00a0 Al\u00e9m disso, \u00e9 necess\u00e1rio que a crian\u00e7a fique de 5 a 20 minutos no local ap\u00f3s a vacina\u00e7\u00e3o, para ser observado casos de poss\u00edveis rea\u00e7\u00f5es.<\/p>\n<p>&nbsp;<\/p>\n<p><strong>Pedimos aos pais e respons\u00e1veis que levem, impressa e preenchida, a Ficha de Vacina\u00e7\u00e3o das crian\u00e7as, cujo modelo est\u00e1 dispon\u00edvel no site da PJF, isso facilita no momento da triagem e agiliza o processo de vacina\u00e7\u00e3o.<\/strong><\/p>\n<p>&nbsp;<\/p>\n<p><strong>Confira o calend\u00e1rio de vacina\u00e7\u00e3o contra a Covid-19 de ter\u00e7a-feira, 12 de Abril:<\/strong><\/p>\n<p>&nbsp;<\/p>\n<p><strong>Primeiras doses de todas as crian\u00e7as entre 5 e 11 anos\u00a0<\/strong><\/p>\n<p>&nbsp;<\/p>\n<p>UBSs de 8h \u00e0s 10h30 e de 13h \u00e0s 16h;\u00a0DSMGCA de 8h \u00e0s 16h;\u00a0e 3 UBSs de 17h \u00e0s 19h.<\/p>\n<p>&nbsp;<\/p>\n<p><strong>Primeiras doses de todas as pessoas com 12 anos ou mais<\/strong><\/p>\n<p>&nbsp;<\/p>\n<p>UBSs de 8h \u00e0s 10h30 e de 13h \u00e0s 16h; e 3 UBSs de 17h \u00e0s 19h<\/p>\n<p>&nbsp;<\/p>\n<p><strong>Segundas doses de AstraZeneca para as pessoas com retorno no agendado no cart\u00e3o para o dia 12 de abril ou em data anterior<\/strong><\/p>\n<p>&nbsp;<\/p>\n<p>UBSs Centro Sul, Benfica, Nossa Senhora Aparecida, Nossa Senhora de Lourdes, Teixeiras, Santa Cec\u00edlia e Bandeirantes aplicam esses imunizantes<\/p>\n<p>&nbsp;<\/p>\n<p><strong>Segundas doses de Coronavac para pessoas com retorno agendado no cart\u00e3o no dia 12 de abril ou data anterior<\/strong><\/p>\n<p>&nbsp;<\/p>\n<p>As UBSs Centro Sul, Benfica, Nossa Senhora Aparecida, Nossa Senhora de Lourdes, Teixeiras, Santa Cec\u00edlia e Bandeirantes aplicam esses imunizantes<\/p>\n<p>&nbsp;<\/p>\n<p><strong>Segundas doses de Janssen para todas as pessoas que foram vacinadas no dia 12 de fevereiro ou antes<\/strong><\/p>\n<p>&nbsp;<\/p>\n<p>As UBSs Centro Sul, Benfica, Nossa Senhora Aparecida, Nossa Senhora de Lourdes, Teixeiras, Santa Cec\u00edlia e Bandeirantes aplicam esses imunizantes<\/p>\n<p>&nbsp;<\/p>\n<p><strong>Segundas doses de Pfizer para todos que receberam a primeira dose at\u00e9 o dia 21 de Mar\u00e7o ou data anterior\u00a0<\/strong><\/p>\n<p>&nbsp;<\/p>\n<p>UBSs de 8h \u00e0s 10h30 e de 13h \u00e0s 16h; e 3 UBSs de 17h \u00e0s 19h<\/p>\n<p>&nbsp;<\/p>\n<p><strong>Vacina\u00e7\u00e3o de refor\u00e7o para idosos com 60 anos ou mais que receberam a segunda dose h\u00e1 4 meses (12 de dezembro) ou antes<\/strong><\/p>\n<p>&nbsp;<\/p>\n<p>DSI, de 8h \u00e0s 16h; UBSs de 8h \u00e0s 10h30 e de 13h \u00e0s 16h; e 3 UBSs de 17h \u00e0s 19h<\/p>\n<p>&nbsp;<\/p>\n<p><strong>Vacina\u00e7\u00e3o de refor\u00e7o para pessoas com 18 anos ou mais que receberam a segunda dose h\u00e1 4 meses (12 de dezembro) ou antes<\/strong><\/p>\n<p>&nbsp;<\/p>\n<p>UBSs de 8h \u00e0s 10h30 e de 13h \u00e0s 16h e 3 UBSs de 17h \u00e0s 19h<\/p>\n<p>&nbsp;<\/p>\n<p><strong>Vacina\u00e7\u00e3o de refor\u00e7o para imunossuprimidos que receberam a segunda dose h\u00e1 pelo menos 28 dias<\/strong><\/p>\n<p>&nbsp;<\/p>\n<p>UBSs de 8h \u00e0s 10h30 e de 13h \u00e0s 16h; e 3 UBSs de 17h \u00e0s 19h<\/p>\n<p>&nbsp;<\/p>\n<p><strong>Vacina\u00e7\u00e3o de refor\u00e7o para idosos com 75 anos ou mais que receberam a terceira dose h\u00e1 4 meses (12 de dezembro) ou antes<\/strong><\/p>\n<p>&nbsp;<\/p>\n<p>DSI, de 8h \u00e0s 11h; UBSs de 8h \u00e0s 10h30 e de 13h \u00e0s 16h; e 3 UBSs de 17h \u00e0s 19h<\/p>\n<p>&nbsp;<\/p>\n<p><strong>Vacina\u00e7\u00e3o de refor\u00e7o para imunossuprimidos que receberam a terceira dose h\u00e1 4 meses (12 de dezembro) ou antes<\/strong><\/p>\n<p>&nbsp;<\/p>\n<p>UBSs de 8h \u00e0s 10h30 e de 13h \u00e0s 16h e 3 UBSs de 17h \u00e0s 19h<\/p>\n<p>&nbsp;<\/p>\n<p><strong>Endere\u00e7os dos locais de vacina\u00e7\u00e3o<\/strong><\/p>\n<p>&nbsp;<\/p>\n<p><strong>Departamento de Sa\u00fade do Idoso (DSI) &#8211; exclusivamente para os idosos de 60 anos ou mais &#8211; das 8h \u00e0s 16h<\/strong><\/p>\n<p>&nbsp;<\/p>\n<p>Rua Batista de Oliveira 943, bairro Granbery.<\/p>\n<p>&nbsp;<\/p>\n<p><strong>Departamento de Sa\u00fade da Mulher Gestante, Crian\u00e7a e Adolescentes (DSMGCA) &#8211; exclusivamente para crian\u00e7as e adolescentes &#8211; das 8h \u00e0s 16h<\/strong><\/p>\n<p>&nbsp;<\/p>\n<p>Rua S\u00e3o Sebasti\u00e3o, 772\/776, Centro<\/p>\n<p>&nbsp;<\/p>\n<p><strong>UBSs que vacinam\u00a0 8h \u00e0s 10h30 e de 13h \u00e0s 16h:\u00a0<\/strong><\/p>\n<p>&nbsp;<\/p>\n<p>1. UBS Santa Cec\u00edlia<\/p>\n<p>&nbsp;<\/p>\n<p>2. UBS Industrial<\/p>\n<p>&nbsp;<\/p>\n<p>3. UBS Joquei Clube I<\/p>\n<p>&nbsp;<\/p>\n<p>4. UBS Joquei Clube 2<\/p>\n<p>&nbsp;<\/p>\n<p>5. UBS Centro Sul<\/p>\n<p>&nbsp;<\/p>\n<p>6. UBS Monte Castelo<\/p>\n<p>&nbsp;<\/p>\n<p>7. UBS Dom Bosco<\/p>\n<p>&nbsp;<\/p>\n<p>8. UBS Santa Cruz<\/p>\n<p>&nbsp;<\/p>\n<p>9. UBS Alto Graja\u00fa<\/p>\n<p>&nbsp;<\/p>\n<p>10. UBS Barreira do Triunfo<\/p>\n<p>&nbsp;<\/p>\n<p>11. UBS Parque Guarani<\/p>\n<p>&nbsp;<\/p>\n<p>12. UBS Vila Esperan\u00e7a<\/p>\n<p>&nbsp;<\/p>\n<p>13. UBS Vale Verde<\/p>\n<p>&nbsp;<\/p>\n<p>14. UBS Santa Rita<\/p>\n<p>&nbsp;<\/p>\n<p>15.. UBS S\u00e3o Sebasti\u00e3o<\/p>\n<p>&nbsp;<\/p>\n<p>16. UBS Santo Ant\u00f4nio<\/p>\n<p>&nbsp;<\/p>\n<p>17. UBS Granjas Beth\u00e2nia<\/p>\n<p>&nbsp;<\/p>\n<p>18. UBS Filgueiras<\/p>\n<p>&nbsp;<\/p>\n<p>19. UBS Grama<\/p>\n<p>&nbsp;<\/p>\n<p>20. UBS S\u00e3o Judas Tadeu<\/p>\n<p>&nbsp;<\/p>\n<p>21. Ubs Jardim Esperan\u00e7a<\/p>\n<p>&nbsp;<\/p>\n<p>22. UBS Cidade do Sol<\/p>\n<p>&nbsp;<\/p>\n<p>23. UBS Vila Ideal<\/p>\n<p>&nbsp;<\/p>\n<p>24.\u00a0 UBS Jardim da Lua<\/p>\n<p>&nbsp;<\/p>\n<p>25. UBS Santos Dumont<\/p>\n<p>&nbsp;<\/p>\n<p>26. UBS Humait\u00e1<\/p>\n<p>&nbsp;<\/p>\n<p>27. UBS Furtado de Menezes<\/p>\n<p>&nbsp;<\/p>\n<p>28. UBS Bandeirantes<\/p>\n<p>&nbsp;<\/p>\n<p>29. UBS Nossa Senhora das Gra\u00e7as<\/p>\n<p>&nbsp;<\/p>\n<p>30. UBS Nossa Senhora de Lourdes<\/p>\n<p>&nbsp;<\/p>\n<p>31. UBS Nossa Senhora Aparecida<\/p>\n<p>&nbsp;<\/p>\n<p>32. UBS Teixeiras<\/p>\n<p>&nbsp;<\/p>\n<p>33. UBS Milho Branco<\/p>\n<p>&nbsp;<\/p>\n<p>34. UBS Nova Era<\/p>\n<p>&nbsp;<\/p>\n<p>35. UBS Progresso<\/p>\n<p>&nbsp;<\/p>\n<p>36. UBS Linhares<\/p>\n<p>&nbsp;<\/p>\n<p>37. UBS Ipiranga<\/p>\n<p>&nbsp;<\/p>\n<p>38. UBS Santa Luzia<\/p>\n<p>&nbsp;<\/p>\n<p><strong>UBSs que vacinam de 17h \u00e0s 19h:\u00a0<\/strong><\/p>\n<p>&nbsp;<\/p>\n<p>1. UBS Benfica<\/p>\n<p>&nbsp;<\/p>\n<p>2. UBS Milho Branco<\/p>\n<p>&nbsp;<\/p>\n<p>3. UBS Nossa Senhora das Gra\u00e7as<\/p>\n","protected":false},"excerpt":{"rendered":"<p>Segundo informa\u00e7\u00f5es do site da Prefeitura de Juiz de Fora, a\u00a0campanha de vacina\u00e7\u00e3o contra a Covid-19, da Secretaria de Sa\u00fade (SS) da Prefeitura de Juiz de Fora (PJF), continua nesta ter\u00e7a-feira, 12. Todos os p\u00fablicos eletivos poder\u00e3o se imunizar nas Unidades B\u00e1sicas de Sa\u00fade (UBSs), de 8h \u00e0s 10h30 e de 13h \u00e0s 16h. As [&hellip;]<\/p>\n","protected":false},"author":246,"featured_media":197493,"comment_status":"closed","ping_status":"closed","sticky":false,"template":"","format":"standard","meta":{"footnotes":""},"categories":[253,436,440,439],"tags":[],"class_list":["post-197492","post","type-post","status-publish","format-standard","has-post-thumbnail","hentry","category-cidade","category-destaque-da-semana","category-destaques-do-dia","category-ultima-hora"],"_links":{"self":[{"href":"https:\/\/diarioregionaldigital.com.br\/index.php?rest_route=\/wp\/v2\/posts\/197492","targetHints":{"allow":["GET"]}}],"collection":[{"href":"https:\/\/diarioregionaldigital.com.br\/index.php?rest_route=\/wp\/v2\/posts"}],"about":[{"href":"https:\/\/diarioregionaldigital.com.br\/index.php?rest_route=\/wp\/v2\/types\/post"}],"author":[{"embeddable":true,"href":"https:\/\/diarioregionaldigital.com.br\/index.php?rest_route=\/wp\/v2\/users\/246"}],"replies":[{"embeddable":true,"href":"https:\/\/diarioregionaldigital.com.br\/index.php?rest_route=%2Fwp%2Fv2%2Fcomments&post=197492"}],"version-history":[{"count":1,"href":"https:\/\/diarioregionaldigital.com.br\/index.php?rest_route=\/wp\/v2\/posts\/197492\/revisions"}],"predecessor-version":[{"id":197494,"href":"https:\/\/diarioregionaldigital.com.br\/index.php?rest_route=\/wp\/v2\/posts\/197492\/revisions\/197494"}],"wp:featuredmedia":[{"embeddable":true,"href":"https:\/\/diarioregionaldigital.com.br\/index.php?rest_route=\/wp\/v2\/media\/197493"}],"wp:attachment":[{"href":"https:\/\/diarioregionaldigital.com.br\/index.php?rest_route=%2Fwp%2Fv2%2Fmedia&parent=197492"}],"wp:term":[{"taxonomy":"category","embeddable":true,"href":"https:\/\/diarioregionaldigital.com.br\/index.php?rest_route=%2Fwp%2Fv2%2Fcategories&post=197492"},{"taxonomy":"post_tag","embeddable":true,"href":"https:\/\/diarioregionaldigital.com.br\/index.php?rest_route=%2Fwp%2Fv2%2Ftags&post=197492"}],"curies":[{"name":"wp","href":"https:\/\/api.w.org\/{rel}","templated":true}]}}