{"id":197480,"date":"2022-04-11T19:01:31","date_gmt":"2022-04-11T22:01:31","guid":{"rendered":"https:\/\/diarioregionaldigital.com.br\/?p=197480"},"modified":"2022-04-11T19:01:31","modified_gmt":"2022-04-11T22:01:31","slug":"justica-desportiva-do-es-suspende-soriano-por-agressao-a-bandeirinha","status":"publish","type":"post","link":"https:\/\/diarioregionaldigital.com.br\/?p=197480","title":{"rendered":"Justi\u00e7a Desportiva do ES suspende Soriano por agress\u00e3o a bandeirinha"},"content":{"rendered":"<p>O ex-t\u00e9cnico da Desportiva Ferrovi\u00e1ria Rafael Soriano foi suspenso de forma preventiva por 30 dias pelo Tribunal de Justi\u00e7a Desportiva de Futebol do Esp\u00edrito Santos (TJD-ES) \u201cem raz\u00e3o da agress\u00e3o f\u00edsica praticada contra a \u00e1rbitra assistente Macielly Netto&#8221;, na tarde de domingo (10). O treinador deu uma cabe\u00e7ada na bandeirinha durante o intervalo da partida contra o Nova Ven\u00e9cia, pelas quartas de final do Campeonato Capixaba. A decis\u00e3o do TJD-ES foi publicada na manh\u00e3 desta segunda-feira (11).<img decoding=\"async\" src=\"https:\/\/agenciabrasil.ebc.com.br\/ebc.png?id=1453364&amp;o=node\" \/><img decoding=\"async\" src=\"https:\/\/agenciabrasil.ebc.com.br\/ebc.gif?id=1453364&amp;o=node\" \/><\/p>\n<p>No\u00a0<a href=\"https:\/\/futebolcapixaba.com\/tjd\/despacho-de-suspensao-preventiva-rafael-barcelos-soriano\/\">despacho<\/a>, Eduardo Xible Salles Ramos, presidente do TJD-ES, ressaltou a \u201cgravidade do ato e a necessidade de interven\u00e7\u00e3o imediata\u201d e determinou o prazo de 30 dias como\u00a0suficiente para instaura\u00e7\u00e3o e julgamento do competente processo disciplinar, conforme previsto no artigo 35 do C\u00f3digo Brasileiro de Justi\u00e7a Desportiva (CBJD). \u00a0O magistrado ressaltou ainda que \u201cindependentemente da forma, se tentada ou consumada, a agress\u00e3o deve ser exemplarmente punida, de modo a coibir que tais pr\u00e1ticas se repitam\u201d.<\/p>\n<p>De acordo com a Federa\u00e7\u00e3o de Futebol do Estado do Esp\u00edrito Santos (FFES), que publicou ontem (11)\u00a0<a href=\"https:\/\/www.instagram.com\/p\/CcL7u9isISX\/\">nota de rep\u00fadio<\/a>\u00a0sobre o ocorrido, se condenado o ex-t\u00e9cnico Rafael Soriano ser\u00e1 punido com suspens\u00e3o m\u00ednima de 180 dias pela agress\u00e3o contra a bandeirinha.<\/p>\n<p>O clube Desportiva Ferrovi\u00e1ria demitiu o treinador no in\u00edcio da noite de domingo (10), por meio de\u00a0<a href=\"https:\/\/www.instagram.com\/p\/CcL91JJpsPK\/\">nota oficial\u00a0<\/a>publicada nas redes sociais. No comunicado, al\u00e9m do desligamento do Soriano, a agremia\u00e7\u00e3o repudiou a viol\u00eancia e se solidarizou com a v\u00edtima.<\/p>\n<p>Na manh\u00e3 desta segunda (11), o\u00a0<a href=\"https:\/\/www.gov.br\/mdh\/pt-br\/assuntos\/noticias\/2022\/abril\/ministerio-cobra-punicao-a-treinador-que-agrediu-auxiliar-de-arbitragem-no-es\">Minist\u00e9rio da Mulher, da Fam\u00edlia e dos Direitos Humanos<\/a>\u00a0tamb\u00e9m se solidarizou com a v\u00edtima.<\/p>\n<p>\u201cInformamos que enviaremos of\u00edcio \u00e0 Federa\u00e7\u00e3o Capixaba de Futebol, \u00e0 Confedera\u00e7\u00e3o Brasileira de Futebol e ao Tribunal de Justi\u00e7a Desportiva para solicitar puni\u00e7\u00e3o exemplar ao agressor&#8221;, diz o comunicado do Minist\u00e9rio.<\/p>\n<p>A Desportiva Ferrovi\u00e1ria foi eliminada do Estadual, ap\u00f3s derrota ontem (10) por 3 a 1 para a Nova Ven\u00e9cia, que avan\u00e7ou \u00e0s semifinais. A agress\u00e3o \u00e0 Macielly Netto ocorreu no intervalo,\u00a0ap\u00f3s Rafael Soriano ter sido punido com um cart\u00e3o amarelo. Ap\u00f3s deferir a cabe\u00e7ada na bandeirinha, o t\u00e9cnico foi expulso da partida.<\/p>\n<p>Fonte: Ag\u00eancia Brasil<\/p>\n","protected":false},"excerpt":{"rendered":"<p>O ex-t\u00e9cnico da Desportiva Ferrovi\u00e1ria Rafael Soriano foi suspenso de forma preventiva por 30 dias pelo Tribunal de Justi\u00e7a Desportiva de Futebol do Esp\u00edrito Santos (TJD-ES) \u201cem raz\u00e3o da agress\u00e3o f\u00edsica praticada contra a \u00e1rbitra assistente Macielly Netto&#8221;, na tarde de domingo (10). O treinador deu uma cabe\u00e7ada na bandeirinha durante o intervalo da partida [&hellip;]<\/p>\n","protected":false},"author":246,"featured_media":197481,"comment_status":"closed","ping_status":"closed","sticky":false,"template":"","format":"standard","meta":{"footnotes":""},"categories":[436,257,439],"tags":[],"class_list":["post-197480","post","type-post","status-publish","format-standard","has-post-thumbnail","hentry","category-destaque-da-semana","category-esporte","category-ultima-hora"],"_links":{"self":[{"href":"https:\/\/diarioregionaldigital.com.br\/index.php?rest_route=\/wp\/v2\/posts\/197480","targetHints":{"allow":["GET"]}}],"collection":[{"href":"https:\/\/diarioregionaldigital.com.br\/index.php?rest_route=\/wp\/v2\/posts"}],"about":[{"href":"https:\/\/diarioregionaldigital.com.br\/index.php?rest_route=\/wp\/v2\/types\/post"}],"author":[{"embeddable":true,"href":"https:\/\/diarioregionaldigital.com.br\/index.php?rest_route=\/wp\/v2\/users\/246"}],"replies":[{"embeddable":true,"href":"https:\/\/diarioregionaldigital.com.br\/index.php?rest_route=%2Fwp%2Fv2%2Fcomments&post=197480"}],"version-history":[{"count":2,"href":"https:\/\/diarioregionaldigital.com.br\/index.php?rest_route=\/wp\/v2\/posts\/197480\/revisions"}],"predecessor-version":[{"id":197483,"href":"https:\/\/diarioregionaldigital.com.br\/index.php?rest_route=\/wp\/v2\/posts\/197480\/revisions\/197483"}],"wp:featuredmedia":[{"embeddable":true,"href":"https:\/\/diarioregionaldigital.com.br\/index.php?rest_route=\/wp\/v2\/media\/197481"}],"wp:attachment":[{"href":"https:\/\/diarioregionaldigital.com.br\/index.php?rest_route=%2Fwp%2Fv2%2Fmedia&parent=197480"}],"wp:term":[{"taxonomy":"category","embeddable":true,"href":"https:\/\/diarioregionaldigital.com.br\/index.php?rest_route=%2Fwp%2Fv2%2Fcategories&post=197480"},{"taxonomy":"post_tag","embeddable":true,"href":"https:\/\/diarioregionaldigital.com.br\/index.php?rest_route=%2Fwp%2Fv2%2Ftags&post=197480"}],"curies":[{"name":"wp","href":"https:\/\/api.w.org\/{rel}","templated":true}]}}