{"id":197477,"date":"2022-04-11T18:59:49","date_gmt":"2022-04-11T21:59:49","guid":{"rendered":"https:\/\/diarioregionaldigital.com.br\/?p=197477"},"modified":"2022-04-11T18:59:49","modified_gmt":"2022-04-11T21:59:49","slug":"medalhista-paralimpico-gabriel-araujo-bate-recorde-mundial","status":"publish","type":"post","link":"https:\/\/diarioregionaldigital.com.br\/?p=197477","title":{"rendered":"Medalhista paral\u00edmpico Gabriel Ara\u00fajo bate recorde mundial"},"content":{"rendered":"<p>O medalhista paral\u00edmpico Gabriel Ara\u00fajo bateu o recorde mundial da prova dos 50 metros estilo borboleta classe S2, neste domingo (10) no Centro de Treinamento Paral\u00edmpico, em S\u00e3o Paulo, durante a Segunda Fase Nacional do Circuito Paral\u00edmpico Loterias Caixa de nata\u00e7\u00e3o.<img decoding=\"async\" src=\"https:\/\/agenciabrasil.ebc.com.br\/ebc.png?id=1453322&amp;o=node\" \/><img decoding=\"async\" src=\"https:\/\/agenciabrasil.ebc.com.br\/ebc.gif?id=1453322&amp;o=node\" \/><\/p>\n<p>Com o tempo de 55s59 ele fez o melhor tempo da prova pela terceira vez no espa\u00e7o de um m\u00eas. Esta sequ\u00eancia come\u00e7ou na primeira quinzena de mar\u00e7o, na etapa da It\u00e1lia do World Series do IPC, em Lignano Sabbiadoro, quando ele completou a prova em 56s62.<\/p>\n<p>Al\u00e9m disso, o brasileiro se destacou no \u00faltimo m\u00eas na prova dos 150 metros estilo medley, onde tamb\u00e9m vem batendo recordes, o \u00faltimo deles no s\u00e1bado (9). \u201cEstou muito feliz com o meu recorde mundial. N\u00e3o esperava para agora, mas consegui nadar bem, consegui bater minha melhor marca. Bati o recorde mais uma vez na prova dos 150 metros\u201d, afirmou o nadador ao Comit\u00ea Paral\u00edmpico Brasileiro (CPB).<\/p>\n<p>Fonte: Ag\u00eancia Brasil<\/p>\n","protected":false},"excerpt":{"rendered":"<p>O medalhista paral\u00edmpico Gabriel Ara\u00fajo bateu o recorde mundial da prova dos 50 metros estilo borboleta classe S2, neste domingo (10) no Centro de Treinamento Paral\u00edmpico, em S\u00e3o Paulo, durante a Segunda Fase Nacional do Circuito Paral\u00edmpico Loterias Caixa de nata\u00e7\u00e3o. Com o tempo de 55s59 ele fez o melhor tempo da prova pela terceira [&hellip;]<\/p>\n","protected":false},"author":246,"featured_media":197478,"comment_status":"closed","ping_status":"closed","sticky":false,"template":"","format":"standard","meta":{"footnotes":""},"categories":[436,440,257,439],"tags":[],"class_list":["post-197477","post","type-post","status-publish","format-standard","has-post-thumbnail","hentry","category-destaque-da-semana","category-destaques-do-dia","category-esporte","category-ultima-hora"],"_links":{"self":[{"href":"https:\/\/diarioregionaldigital.com.br\/index.php?rest_route=\/wp\/v2\/posts\/197477","targetHints":{"allow":["GET"]}}],"collection":[{"href":"https:\/\/diarioregionaldigital.com.br\/index.php?rest_route=\/wp\/v2\/posts"}],"about":[{"href":"https:\/\/diarioregionaldigital.com.br\/index.php?rest_route=\/wp\/v2\/types\/post"}],"author":[{"embeddable":true,"href":"https:\/\/diarioregionaldigital.com.br\/index.php?rest_route=\/wp\/v2\/users\/246"}],"replies":[{"embeddable":true,"href":"https:\/\/diarioregionaldigital.com.br\/index.php?rest_route=%2Fwp%2Fv2%2Fcomments&post=197477"}],"version-history":[{"count":1,"href":"https:\/\/diarioregionaldigital.com.br\/index.php?rest_route=\/wp\/v2\/posts\/197477\/revisions"}],"predecessor-version":[{"id":197479,"href":"https:\/\/diarioregionaldigital.com.br\/index.php?rest_route=\/wp\/v2\/posts\/197477\/revisions\/197479"}],"wp:featuredmedia":[{"embeddable":true,"href":"https:\/\/diarioregionaldigital.com.br\/index.php?rest_route=\/wp\/v2\/media\/197478"}],"wp:attachment":[{"href":"https:\/\/diarioregionaldigital.com.br\/index.php?rest_route=%2Fwp%2Fv2%2Fmedia&parent=197477"}],"wp:term":[{"taxonomy":"category","embeddable":true,"href":"https:\/\/diarioregionaldigital.com.br\/index.php?rest_route=%2Fwp%2Fv2%2Fcategories&post=197477"},{"taxonomy":"post_tag","embeddable":true,"href":"https:\/\/diarioregionaldigital.com.br\/index.php?rest_route=%2Fwp%2Fv2%2Ftags&post=197477"}],"curies":[{"name":"wp","href":"https:\/\/api.w.org\/{rel}","templated":true}]}}