{"id":197474,"date":"2022-04-11T18:57:02","date_gmt":"2022-04-11T21:57:02","guid":{"rendered":"https:\/\/diarioregionaldigital.com.br\/?p=197474"},"modified":"2022-04-11T18:57:02","modified_gmt":"2022-04-11T21:57:02","slug":"estabelecimento-de-pescado-familiar-de-minas-entra-em-funcionamento","status":"publish","type":"post","link":"https:\/\/diarioregionaldigital.com.br\/?p=197474","title":{"rendered":"Estabelecimento de pescado familiar de Minas entra em funcionamento"},"content":{"rendered":"<p>O primeiro estabelecimento de pescado familiar de Minas Gerais com Declara\u00e7\u00e3o de Aptid\u00e3o do Pronaf (DAP) em nome de pessoa f\u00edsica regularizado no Estado j\u00e1 est\u00e1 em funcionamento.\u00a0O Entreposto de Pescado &#8220;Cheloni Peixe e Cia&#8221;\u00a0fica no distrito de S\u00e3o Jos\u00e9 do Buriti, em Felixl\u00e2ndia, na Represa de Tr\u00eas Marias, regi\u00e3o Central, e tem capacidade para beneficiar 1 mil quilos de peixe por dia, abrindo mais oportunidades para os piscicultores da regi\u00e3o.<\/p>\n<p>O projeto contou com apoio da\u00a0<a href=\"https:\/\/www.emater.mg.gov.br\/\" target=\"_blank\" rel=\"noopener\">Emater-MG<\/a>\u00a0e, nesta ter\u00e7a-feira (12\/4), o\u00a0<a href=\"http:\/\/ima.mg.gov.br\/\" target=\"_blank\" rel=\"noopener\">Instituto Mineiro de Agropecu\u00e1ria (IMA)<\/a>\u00a0dar\u00e1 o certificado de regularidade para o empreendimento, cumprindo assim todos os passos exigidos na legisla\u00e7\u00e3o para o funcionamento do neg\u00f3cio.<\/p>\n<p>O entreposto \u00e9 um pequeno frigor\u00edfico, com sala de processamento, c\u00e2mara fria e equipamentos para embalagem do peixe a v\u00e1cuo, entre outros itens. O extensionista local da Emater-MG, Eli Dias J\u00fanior, acompanhou o projeto do empreendimento desde o in\u00edcio, h\u00e1 quatro anos. \u201cForam in\u00fameras reuni\u00f5es, diversas vistorias e a elabora\u00e7\u00e3o de estrat\u00e9gias para superar os obst\u00e1culos decorrentes das exig\u00eancias da legisla\u00e7\u00e3o sanit\u00e1ria e do alto custo de implanta\u00e7\u00e3o do entreposto\u201d, lembra o engenheiro agr\u00f4nomo.<\/p>\n<p>Para conseguir os recursos foram feitos dois projetos do Programa Nacional de Fortalecimento da Agricultura Familiar (Pronaf). O primeiro projeto foi para a constru\u00e7\u00e3o do entreposto, no valor de R$178,5 mil. Depois houve um novo financiamento de R$164,7 mil, que serviu para a compra de uma caminhonete frigor\u00edfica refrigerada. A Emater-MG atuou ainda na articula\u00e7\u00e3o, acompanhamento da documenta\u00e7\u00e3o e assist\u00eancia t\u00e9cnica aos produtores.<\/p>\n<p><strong>Anos de luta<\/strong><\/p>\n<p>Mas a semente do neg\u00f3cio foi lan\u00e7ada anos antes pelo piscicultor e comerciante Rodolfo C\u00e9sar Cheloni, propriet\u00e1rio do entreposto. Cansado da vida em Belo Horizonte, ele decidiu comprar um terreno na beira do rio e se mudou para Felixl\u00e2ndia. Nas viagens para visitar familiares em Belo Horizonte, ele sempre trazia pescado para vender e custear a gasolina. \u201cCom a divulga\u00e7\u00e3o boca a boca, as vendas foram aumentando. Coloquei ent\u00e3o algumas gaiolas de peixe no rio e vi que a popula\u00e7\u00e3o ribeirinha recebia muito pouco pela produ\u00e7\u00e3o, adquirida por atravessadores. A\u00ed me associei a outros pescadores e surgiu a oportunidade de produzir o fil\u00e9 de til\u00e1pia, que tinha uma \u00f3tima aceita\u00e7\u00e3o. E, de l\u00e1 para c\u00e1, at\u00e9 a finaliza\u00e7\u00e3o do entreposto, foi muito esfor\u00e7o e luta, mas valeu a pena\u201d, argumenta Rodolfo.<\/p>\n<p>Com o processamento adequado no entreposto, o produtor passar\u00e1 a atender \u00e0s exig\u00eancias dos \u00f3rg\u00e3os de vigil\u00e2ncia sanit\u00e1ria e obter os selos de inspe\u00e7\u00e3o, aumentando consideravelmente as possibilidades de comercializa\u00e7\u00e3o do seu pescado e dos outros piscicultores que ele adquire a produ\u00e7\u00e3o. \u201cAlcan\u00e7amos nosso objetivo que foi a regulariza\u00e7\u00e3o. A expectativa agora \u00e9 grande. Podemos beneficiar mil quilos de peixe por dia, mas temos demanda para muito mais do que isso\u201d, assegura Rodolfo.<\/p>\n<p><strong>Benef\u00edcios<\/strong><\/p>\n<p>Na opini\u00e3o do extensionista da Emater-MG, o entreposto vai trazer um aumento da movimenta\u00e7\u00e3o de recursos no com\u00e9rcio regional e os impactos positivos dever\u00e3o ser sentidos logo. \u201cO neg\u00f3cio deve gerar melhorias na comercializa\u00e7\u00e3o de pescado da regi\u00e3o, inclusive no mercado institucional, levando um alimento de qualidade para as escolas e demais consumidores locais\u201d, acredita Eli.<\/p>\n<p>Atualmente, Felixl\u00e2ndia tem uma produ\u00e7\u00e3o de tr\u00eas a quatro mil toneladas de peixe por ano e cerca de 20 piscicultores, sendo a maioria familiar. O munic\u00edpio ocupa a posi\u00e7\u00e3o de segundo produtor de til\u00e1pias do estado, ficando atr\u00e1s apenas de Morada Nova, que tem uma produ\u00e7\u00e3o de 13 mil toneladas ano.<\/p>\n<p><strong>Regulariza\u00e7\u00e3o<\/strong><\/p>\n<p>O Entreposto de Pescado &#8220;Cheloni Peixe e Cia&#8221; \u00e9 o primeiro estabelecimento regularizado com DAP para pessoa f\u00edsica. Antes dele, outros tr\u00eas entrepostos familiares j\u00e1 haviam sido regularizados em Minas, considerando os de pessoa f\u00edsica e jur\u00eddica, nos munic\u00edpios de:\u00a0Visconde do Rio Branco, na Zona da Mata; Patroc\u00ednio\u00a0e Pedrin\u00f3polis, ambos no Alto Parana\u00edba.<\/p>\n<p>Fonte: Ag\u00eancia Minas<\/p>\n","protected":false},"excerpt":{"rendered":"<p>O primeiro estabelecimento de pescado familiar de Minas Gerais com Declara\u00e7\u00e3o de Aptid\u00e3o do Pronaf (DAP) em nome de pessoa f\u00edsica regularizado no Estado j\u00e1 est\u00e1 em funcionamento.\u00a0O Entreposto de Pescado &#8220;Cheloni Peixe e Cia&#8221;\u00a0fica no distrito de S\u00e3o Jos\u00e9 do Buriti, em Felixl\u00e2ndia, na Represa de Tr\u00eas Marias, regi\u00e3o Central, e tem capacidade para [&hellip;]<\/p>\n","protected":false},"author":246,"featured_media":197475,"comment_status":"closed","ping_status":"closed","sticky":false,"template":"","format":"standard","meta":{"footnotes":""},"categories":[436,254,439],"tags":[],"class_list":["post-197474","post","type-post","status-publish","format-standard","has-post-thumbnail","hentry","category-destaque-da-semana","category-politica","category-ultima-hora"],"_links":{"self":[{"href":"https:\/\/diarioregionaldigital.com.br\/index.php?rest_route=\/wp\/v2\/posts\/197474","targetHints":{"allow":["GET"]}}],"collection":[{"href":"https:\/\/diarioregionaldigital.com.br\/index.php?rest_route=\/wp\/v2\/posts"}],"about":[{"href":"https:\/\/diarioregionaldigital.com.br\/index.php?rest_route=\/wp\/v2\/types\/post"}],"author":[{"embeddable":true,"href":"https:\/\/diarioregionaldigital.com.br\/index.php?rest_route=\/wp\/v2\/users\/246"}],"replies":[{"embeddable":true,"href":"https:\/\/diarioregionaldigital.com.br\/index.php?rest_route=%2Fwp%2Fv2%2Fcomments&post=197474"}],"version-history":[{"count":1,"href":"https:\/\/diarioregionaldigital.com.br\/index.php?rest_route=\/wp\/v2\/posts\/197474\/revisions"}],"predecessor-version":[{"id":197476,"href":"https:\/\/diarioregionaldigital.com.br\/index.php?rest_route=\/wp\/v2\/posts\/197474\/revisions\/197476"}],"wp:featuredmedia":[{"embeddable":true,"href":"https:\/\/diarioregionaldigital.com.br\/index.php?rest_route=\/wp\/v2\/media\/197475"}],"wp:attachment":[{"href":"https:\/\/diarioregionaldigital.com.br\/index.php?rest_route=%2Fwp%2Fv2%2Fmedia&parent=197474"}],"wp:term":[{"taxonomy":"category","embeddable":true,"href":"https:\/\/diarioregionaldigital.com.br\/index.php?rest_route=%2Fwp%2Fv2%2Fcategories&post=197474"},{"taxonomy":"post_tag","embeddable":true,"href":"https:\/\/diarioregionaldigital.com.br\/index.php?rest_route=%2Fwp%2Fv2%2Ftags&post=197474"}],"curies":[{"name":"wp","href":"https:\/\/api.w.org\/{rel}","templated":true}]}}