{"id":197467,"date":"2022-04-11T18:54:11","date_gmt":"2022-04-11T21:54:11","guid":{"rendered":"https:\/\/diarioregionaldigital.com.br\/?p=197467"},"modified":"2022-04-11T18:54:11","modified_gmt":"2022-04-11T21:54:11","slug":"governador-visita-usina-de-energia-fotovoltaica-e-batalhao-dos-bombeiros-em-aracuai","status":"publish","type":"post","link":"https:\/\/diarioregionaldigital.com.br\/?p=197467","title":{"rendered":"Governador visita usina de energia fotovoltaica e Batalh\u00e3o dos Bombeiros, em Ara\u00e7ua\u00ed"},"content":{"rendered":"<p>O governador Romeu Zema cumpriu agendas de trabalho na cidade de Ara\u00e7ua\u00ed, no Vale do Jequitinhonha, nesta sexta-feira (8\/4). O chefe do Executivo estadual visitou a empresa Bulbe Energia, que est\u00e1 inaugurando tr\u00eas usinas de energia fotovoltaica na regi\u00e3o, gerando empregos e renda. Al\u00e9m disso, ele conheceu as instala\u00e7\u00f5es do 3\u00ba Pelot\u00e3o de Bombeiros de Ara\u00e7ua\u00ed, que entrou em atividade em novembro de 2021.<\/p>\n<p>As tr\u00eas usinas da Bulbe Energia est\u00e3o instaladas e divididas entre Ara\u00e7ua\u00ed, que conta com uma unidade, e Mirabela, que tem duas unidades. De acordo com a empresa, no primeiro semestre de 2022 ser\u00e3o R$ 97 milh\u00f5es em investimentos, gerando 35 empregos diretos.<\/p>\n<p>O governador celebrou o investimento na regi\u00e3o e estimou o aumento de projetos semelhantes em todo o estado. &#8220;Estamos aqui para enfrentar desafios que travam o desenvolvimento, e energia \u00e9 fundamental neste processo. Se tiv\u00e9ssemos milhares de unidades como essa aqui espalhada em toda Minas Gerais, ter\u00edamos energia mais abundante e mais barata para o consumidor e para as ind\u00fastrias&#8221;, disse.<\/p>\n<p>A Bulbe energia foi criada em 2017 com o objetivo de investir na constru\u00e7\u00e3o e opera\u00e7\u00e3o de usinas solares fotovoltaicas no Estado, no modelo de gera\u00e7\u00e3o distribu\u00edda. Em 2021, a empresa assinou um protocolo de inten\u00e7\u00f5es com o Governo de Minas. O plano da companhia prev\u00ea um investimento de aproximadamente R$ 450 milh\u00f5es, gerando 164 empregos diretos.<\/p>\n<p>Ser\u00e3o constru\u00eddas 30 usinas fotovoltaicas, com uma capacidade total de 100 MWp, gerando 200 GWh\/ano no Norte e Centro-Oeste de Minas Gerais. O projeto teve in\u00edcio no primeiro trimestre de 2020, com in\u00edcio de implanta\u00e7\u00e3o da primeira usina de 6 MWp, que j\u00e1 est\u00e1 em opera\u00e7\u00e3o. A empresa vem desenvolvendo v\u00e1rios projetos desde ent\u00e3o e, em Ara\u00e7ua\u00ed, possui uma usina j\u00e1 constru\u00edda, que est\u00e1 em fase de conex\u00e3o com o sistema el\u00e9trico, e outra em constru\u00e7\u00e3o.<\/p>\n<p><strong>Emprego e renda\u00a0<\/strong><\/p>\n<p>De acordo com o diretor de opera\u00e7\u00f5es de Bulbe, Andr\u00e9 Sallum, com a expans\u00e3o dos projetos, a empresa conseguir\u00e1 gerar energia mais barata, impactando positivamente na economia mineira. \u201cCom essas tr\u00eas usinas em opera\u00e7\u00e3o, a expectativa \u00e9 atender 10 mil resid\u00eancias, gerando uma economia de R$ 3 milh\u00f5es para as fam\u00edlias. Com um investimento de cerca de R$ 500 milh\u00f5es na constru\u00e7\u00e3o de novas usinas, esse valor economizado pode chegar a R$ 30 milh\u00f5es para as fam\u00edlias que optarem pelo consumo deste tipo de energia. Isso \u00e9 mais dinheiro circulando na economia do estado\u201d, disse.<br \/>\n<strong><br \/>\nEmpregos\u00a0<\/strong><\/p>\n<p>A empresa gera emprego para os moradores da regi\u00e3o, como \u00e9 o caso da Marilene Soares de Almeida, moradora de Ara\u00e7ua\u00ed que aos 54 anos conseguiu o primeiro emprego com carteira assinada na Bulbe Energia. \u201cEu trabalhava com cobran\u00e7a, depois atuei na reciclagem. E, aqui, me deram a oportunidade de ter o meu primeiro emprego com tudo certo, auxiliando na limpeza. Ter um emprego regular \u00e9 muito bom. Tenho todo m\u00eas o dinheiro certo, posso fazer uma compra melhor. Melhorou minha vida. Sou vi\u00fava e criei cinco filhos sozinha sem nenhuma certeza sobre o futuro e, agora, tenho, pelo menos, uma seguran\u00e7a\u201d, contou.<\/p>\n<p><strong>Pelot\u00e3o de Bombeiros Militar\u00a0<\/strong><\/p>\n<p><main class=\"clear margin-md-bottom-3\"><\/p>\n<div class=\"clear \">\n<p>Ainda em Ara\u00e7ua\u00ed, o governador visitou o 3\u00ba Pelot\u00e3o de Bombeiros. Atualmente, mesmo antes de ser oficialmente inaugurada, a unidade j\u00e1 atende a popula\u00e7\u00e3o de 15 munic\u00edpios da regi\u00e3o: Ara\u00e7ua\u00ed, \u00c1guas Vermelhas, Berilo, Cachoeira do Paje\u00fa, Comercinho, Coronel Murta, Divisa Alegre, Francisco Badar\u00f3, Itaobim, Itinga, Jenipapo de Minas, Medina, Padre Para\u00edso, Ponto dos Volantes e Virgem da Lapa. Uma \u00e1rea de constante incid\u00eancia de inc\u00eandios florestais, acidentes em cachoeiras e balne\u00e1rios, dentre outras.<\/p>\n<p>Ao todo, s\u00e3o 24 militares do\u00a0<a href=\"http:\/\/www.bombeiros.mg.gov.br\/\" target=\"_blank\" rel=\"noopener\">Corpo de Bombeiros<\/a>\u00a0e 4 viaturas est\u00e3o dispon\u00edveis no pelot\u00e3o para atender 214 mil pessoas que vivem na regi\u00e3o.\u00a0\u00a0A obra do 3\u00ba Pelot\u00e3o de Bombeiros Militar de Ara\u00e7ua\u00ed foi realizada pelo Governo do Estado com o aux\u00edlio da prefeitura.\u00a0O pelot\u00e3o est\u00e1 subordinado a 2\u00aa Companhia de Te\u00f3filo Otoni, pertencente ao 6\u00ba Batalh\u00e3o de Bombeiros Militar (6\u00ba BBM) de Governador Valadares.<\/p>\n<p>\u201cA presen\u00e7a dos bombeiros faz parte da melhoria na infraestrutura do Estado. Existem empresas que t\u00eam risco de opera\u00e7\u00e3o, por conta do uso de caldeiras, fornos, produtos inflam\u00e1veis etc., e precisam da presen\u00e7a dos bombeiros na regi\u00e3o para o caso de acidentes. Eles s\u00e3o \u00a0essenciais para dar apoio ao desenvolvimento econ\u00f4mico. Al\u00e9m disso, cumprem a fun\u00e7\u00e3o social, protegendo e socorrendo a popula\u00e7\u00e3o, e dando seguran\u00e7a\u201d, ressaltou o governador durante a visita.<\/p>\n<p>Antes da unidade de fra\u00e7\u00e3o dos bombeiros ser instalada em Ara\u00e7ua\u00ed, a cidade contava com o apoio do batalh\u00e3o de Salinas, que fica a cerca de 100 km de dist\u00e2ncia. O governador destacou ainda que o objetivo \u00e9 ampliar essa presen\u00e7a para todo o estado. \u201cEstamos levando mais unidades como esta para Minas Gerais. Al\u00e9m de Ara\u00e7ua\u00ed, outras oito fra\u00e7\u00f5es dos Bombeiros foram inauguradas em Minas, dentro da estrat\u00e9gia de aumentar a presen\u00e7a da corpora\u00e7\u00e3o em Minas Gerais\u201d, finalizou.<\/p>\n<p>&nbsp;<\/p>\n<\/div>\n<p><\/main>Fonte: Ag\u00eancia Minas<\/p>\n","protected":false},"excerpt":{"rendered":"<p>O governador Romeu Zema cumpriu agendas de trabalho na cidade de Ara\u00e7ua\u00ed, no Vale do Jequitinhonha, nesta sexta-feira (8\/4). O chefe do Executivo estadual visitou a empresa Bulbe Energia, que est\u00e1 inaugurando tr\u00eas usinas de energia fotovoltaica na regi\u00e3o, gerando empregos e renda. Al\u00e9m disso, ele conheceu as instala\u00e7\u00f5es do 3\u00ba Pelot\u00e3o de Bombeiros de [&hellip;]<\/p>\n","protected":false},"author":246,"featured_media":197468,"comment_status":"closed","ping_status":"closed","sticky":false,"template":"","format":"standard","meta":{"footnotes":""},"categories":[436,254,439],"tags":[],"class_list":["post-197467","post","type-post","status-publish","format-standard","has-post-thumbnail","hentry","category-destaque-da-semana","category-politica","category-ultima-hora"],"_links":{"self":[{"href":"https:\/\/diarioregionaldigital.com.br\/index.php?rest_route=\/wp\/v2\/posts\/197467","targetHints":{"allow":["GET"]}}],"collection":[{"href":"https:\/\/diarioregionaldigital.com.br\/index.php?rest_route=\/wp\/v2\/posts"}],"about":[{"href":"https:\/\/diarioregionaldigital.com.br\/index.php?rest_route=\/wp\/v2\/types\/post"}],"author":[{"embeddable":true,"href":"https:\/\/diarioregionaldigital.com.br\/index.php?rest_route=\/wp\/v2\/users\/246"}],"replies":[{"embeddable":true,"href":"https:\/\/diarioregionaldigital.com.br\/index.php?rest_route=%2Fwp%2Fv2%2Fcomments&post=197467"}],"version-history":[{"count":2,"href":"https:\/\/diarioregionaldigital.com.br\/index.php?rest_route=\/wp\/v2\/posts\/197467\/revisions"}],"predecessor-version":[{"id":197470,"href":"https:\/\/diarioregionaldigital.com.br\/index.php?rest_route=\/wp\/v2\/posts\/197467\/revisions\/197470"}],"wp:featuredmedia":[{"embeddable":true,"href":"https:\/\/diarioregionaldigital.com.br\/index.php?rest_route=\/wp\/v2\/media\/197468"}],"wp:attachment":[{"href":"https:\/\/diarioregionaldigital.com.br\/index.php?rest_route=%2Fwp%2Fv2%2Fmedia&parent=197467"}],"wp:term":[{"taxonomy":"category","embeddable":true,"href":"https:\/\/diarioregionaldigital.com.br\/index.php?rest_route=%2Fwp%2Fv2%2Fcategories&post=197467"},{"taxonomy":"post_tag","embeddable":true,"href":"https:\/\/diarioregionaldigital.com.br\/index.php?rest_route=%2Fwp%2Fv2%2Ftags&post=197467"}],"curies":[{"name":"wp","href":"https:\/\/api.w.org\/{rel}","templated":true}]}}